{"id":993,"date":"2009-07-14T00:00:31","date_gmt":"2009-07-13T23:00:31","guid":{"rendered":"http:\/\/www.choye.fr\/?p=993"},"modified":"2010-08-01T13:47:00","modified_gmt":"2010-08-01T12:47:00","slug":"fete-du-14-juillet","status":"publish","type":"post","link":"http:\/\/www.choye.fr\/?p=993","title":{"rendered":"F\u00eate du 14 juillet"},"content":{"rendered":"<p><a href=\"http:\/\/www.choye.fr\/wp-content\/uploads\/2009\/07\/p7130009-copie.jpg\"><img decoding=\"async\" loading=\"lazy\" class=\"alignright size-thumbnail wp-image-1070\" title=\"p7130009-copie\" src=\"http:\/\/www.choye.fr\/wp-content\/uploads\/2009\/07\/p7130009-copie-120x90.jpg\" alt=\"\" width=\"120\" height=\"90\" srcset=\"http:\/\/www.choye.fr\/wp-content\/uploads\/2009\/07\/p7130009-copie-120x90.jpg 120w, http:\/\/www.choye.fr\/wp-content\/uploads\/2009\/07\/p7130009-copie-300x225.jpg 300w, http:\/\/www.choye.fr\/wp-content\/uploads\/2009\/07\/p7130009-copie.jpg 448w\" sizes=\"(max-width: 120px) 100vw, 120px\" \/><\/a><a href=\"http:\/\/www.choye.fr\/wp-content\/uploads\/2009\/07\/p7130022-copie.jpg\"><img decoding=\"async\" loading=\"lazy\" class=\"alignleft size-thumbnail wp-image-1068\" title=\"p7130022-copie\" src=\"http:\/\/www.choye.fr\/wp-content\/uploads\/2009\/07\/p7130022-copie-120x90.jpg\" alt=\"\" width=\"120\" height=\"90\" srcset=\"http:\/\/www.choye.fr\/wp-content\/uploads\/2009\/07\/p7130022-copie-120x90.jpg 120w, http:\/\/www.choye.fr\/wp-content\/uploads\/2009\/07\/p7130022-copie-300x225.jpg 300w, http:\/\/www.choye.fr\/wp-content\/uploads\/2009\/07\/p7130022-copie.jpg 448w\" sizes=\"(max-width: 120px) 100vw, 120px\" \/><\/a>Environ 150 personnes ont particip\u00e9\u00a0\u00e0 la f\u00eate organis\u00e9e par l&rsquo;\u00e9quipe municipale \u00e0 l&rsquo;occasion du 14 juillet. Les pluies d&rsquo;orage ont\u00a0modifi\u00e9 le programme qui s&rsquo;est d\u00e9roul\u00e9\u00a0au gymnase de l\u2019IMP. Convivialit\u00e9, autour d&rsquo;un ap\u00e9ritif offert par la commune, d&rsquo;un barbecue. L&rsquo;apr\u00e8s-midi a \u00e9t\u00e9 consacr\u00e9 aux jeux\u00a0pour les enfants avec notamment un\u00a0Jeu de l\u2019oie grandeur nature et une partie de p\u00e9tanque pour les plus grands. La soir\u00e9e s&rsquo;est termin\u00e9e dans la bonne humeur gr\u00e2ce \u00e0\u00a0Franck et ses pizzas, mobilis\u00e9 pour l&rsquo;occasion. <strong>Plus de photos <\/strong><a href=\"http:\/\/www.choye.fr\/?page_id=16&amp;album=1&amp;gallery=12\" target=\"_self\"><strong>ici<\/strong><\/a><strong>.<\/strong><\/p>\n","protected":false},"excerpt":{"rendered":"<p>Environ 150 personnes ont particip\u00e9\u00a0\u00e0 la f\u00eate organis\u00e9e par l&rsquo;\u00e9quipe municipale \u00e0 l&rsquo;occasion du 14 juillet. Les pluies d&rsquo;orage ont\u00a0modifi\u00e9 le programme qui s&rsquo;est d\u00e9roul\u00e9\u00a0au gymnase de l\u2019IMP. Convivialit\u00e9, autour d&rsquo;un ap\u00e9ritif offert par la commune, d&rsquo;un barbecue. L&rsquo;apr\u00e8s-midi a &hellip; <a href=\"http:\/\/www.choye.fr\/?p=993\">Continuer la lecture <span class=\"meta-nav\">&rarr;<\/span><\/a><\/p>\n","protected":false},"author":258,"featured_media":0,"comment_status":"open","ping_status":"open","sticky":false,"template":"","format":"standard","meta":{"ngg_post_thumbnail":0},"categories":[8,11],"tags":[],"post_mailing_queue_ids":[],"_links":{"self":[{"href":"http:\/\/www.choye.fr\/index.php?rest_route=\/wp\/v2\/posts\/993"}],"collection":[{"href":"http:\/\/www.choye.fr\/index.php?rest_route=\/wp\/v2\/posts"}],"about":[{"href":"http:\/\/www.choye.fr\/index.php?rest_route=\/wp\/v2\/types\/post"}],"author":[{"embeddable":true,"href":"http:\/\/www.choye.fr\/index.php?rest_route=\/wp\/v2\/users\/258"}],"replies":[{"embeddable":true,"href":"http:\/\/www.choye.fr\/index.php?rest_route=%2Fwp%2Fv2%2Fcomments&post=993"}],"version-history":[{"count":12,"href":"http:\/\/www.choye.fr\/index.php?rest_route=\/wp\/v2\/posts\/993\/revisions"}],"predecessor-version":[{"id":1069,"href":"http:\/\/www.choye.fr\/index.php?rest_route=\/wp\/v2\/posts\/993\/revisions\/1069"}],"wp:attachment":[{"href":"http:\/\/www.choye.fr\/index.php?rest_route=%2Fwp%2Fv2%2Fmedia&parent=993"}],"wp:term":[{"taxonomy":"category","embeddable":true,"href":"http:\/\/www.choye.fr\/index.php?rest_route=%2Fwp%2Fv2%2Fcategories&post=993"},{"taxonomy":"post_tag","embeddable":true,"href":"http:\/\/www.choye.fr\/index.php?rest_route=%2Fwp%2Fv2%2Ftags&post=993"}],"curies":[{"name":"wp","href":"https:\/\/api.w.org\/{rel}","templated":true}]}}