{"id":965,"date":"2009-06-14T09:48:20","date_gmt":"2009-06-14T08:48:20","guid":{"rendered":"http:\/\/www.choye.fr\/?p=965"},"modified":"2009-06-14T09:49:44","modified_gmt":"2009-06-14T08:49:44","slug":"conseil-municipal-du-8-juin-2009","status":"publish","type":"post","link":"http:\/\/www.choye.fr\/?p=965","title":{"rendered":"Conseil municipal du 8 juin 2009"},"content":{"rendered":"<p style=\"text-align: justify;\"><strong><a href=\"http:\/\/www.choye.fr\/wp-content\/uploads\/2009\/06\/entrc3a9e20mairie20160308200021.jpg\"><img decoding=\"async\" loading=\"lazy\" class=\"alignleft size-thumbnail wp-image-966\" title=\"entrc3a9e20mairie20160308200021\" src=\"http:\/\/www.choye.fr\/wp-content\/uploads\/2009\/06\/entrc3a9e20mairie20160308200021-120x90.jpg\" alt=\"\" width=\"120\" height=\"90\" \/><\/a>Utilisation de la piscine de l\u2019IMP\u00a0: convention avec l\u2019IMP et Professions Sports : <\/strong>Gilles SEGUIN, conseiller municipal, a pris contact avec l\u2019IMP pour \u00e9tudier les conditions dans lesquelles les habitants de Choye pourraient utiliser la piscine de l\u2019IMP en dehors de l\u2019utilisation habituelle qui en est fait par les enfants de l\u2019\u00e9tablissement.\u00a0L\u2019IMP est d\u2019accord pour mettre \u00e0 disposition sa piscine dans le cadre d\u2019une convention avec la commune les mercredis de 9h00 \u00e0 12h00, les samedis de 14h00 \u00e0 18h00 ainsi que les dimanches de 10h00 \u00e0 12h00 du 4 juillet au 26 ao\u00fbt 2009. En cas de succ\u00e8s, la mise \u00e0 disposition pourra \u00eatre prolong\u00e9e jusqu\u2019au 20 septembre 2009.\u00a0L\u2019association Profession Sport 70 peut mettre \u00e0 disposition de la commune les \u00a0animateurs dipl\u00f4m\u00e9s permettant d\u2019assurer la surveillance conform\u00e9ment \u00e0 la r\u00e8glementation\u00a0 en vigueur.\u00a0<span style=\"font-family: &quot;Tahoma&quot;,&quot;sans-serif&quot;; color: black;\">\u00a0<\/span>Le conseil municipal\u00a0autorise le Maire \u00e0 signer tous les documents, contrats ou conventions n\u00e9cessaire \u00e0 la mise en place des activit\u00e9s et\u00a0fixe les participations des usagers par s\u00e9ance \u00e0 hauteur de 0,50 \u20ac pour les enfants de moins de 13 ans et 1 \u20ac pour les adultes.Versement des subventions 2009.<\/p>\n<p style=\"text-align: justify;\"><strong>Subventions 2009 aux associations <\/strong>:\u00a0Club la Colombine\u00a0(100 \u20ac),\u00a0Anciens combattants\u00a0(100 \u20ac),\u00a0Association Emilie\u00a0(100 \u20ac),\u00a0Choye animation sport et culture\u00a0(500 \u20ac).<span style=\"font-family: &quot;Tahoma&quot;,&quot;sans-serif&quot;;\">\u00a0<\/span><\/p>\n<p class=\"MsoNormal\" style=\"text-align: justify; margin: 0cm 0cm 0pt;\"><strong>Convention avec l\u2019Association fonci\u00e8re<\/strong>\u00a0: La participation de l\u2019association fonci\u00e8re aux frais de secr\u00e9tariat est fix\u00e9e \u00e0 400\u00a0\u20ac par an.\u00a0<\/p>\n<p class=\"MsoNormal\" style=\"text-align: justify; margin: 0cm 0cm 0pt;\"><span style=\"font-family: &quot;Tahoma&quot;,&quot;sans-serif&quot;;\">\u00a0<\/span><\/p>\n<p class=\"MsoNormal\" style=\"text-align: justify; margin: 0cm 0cm 0pt;\"><strong>Local pompiers :\u00a0<\/strong>Le conseil municipal autorise le Maire \u00e0 louer une partie de locaux, rue des Pr\u00e9s, appartenant \u00e0 madame Martine Bouquet-L\u00e9pinois.<\/p>\n<p class=\"MsoNormal\" style=\"text-align: justify; margin: 0cm 0cm 0pt;\"><span style=\"font-family: &quot;Tahoma&quot;,&quot;sans-serif&quot;;\">\u00a0<\/span><\/p>\n<p class=\"MsoNormal\" style=\"text-align: justify; margin: 0cm 0cm 0pt;\"><strong>Feux de la Saint Jean et animation du 14 juillet :\u00a0<\/strong>Plusieurs conseillers municipaux se portent volontaires pour aider l\u2019IMP \u00e0 pr\u00e9parer les feux de la Saint Jean le vendredi 26 juin 2009 et un point est fait sur la pr\u00e9paration des animations du 14 juillet organis\u00e9es par la commune et l\u2019association Choye animation.<\/p>\n","protected":false},"excerpt":{"rendered":"<p>Utilisation de la piscine de l\u2019IMP\u00a0: convention avec l\u2019IMP et Professions Sports : Gilles SEGUIN, conseiller municipal, a pris contact avec l\u2019IMP pour \u00e9tudier les conditions dans lesquelles les habitants de Choye pourraient utiliser la piscine de l\u2019IMP en dehors &hellip; <a href=\"http:\/\/www.choye.fr\/?p=965\">Continuer la lecture <span class=\"meta-nav\">&rarr;<\/span><\/a><\/p>\n","protected":false},"author":258,"featured_media":0,"comment_status":"open","ping_status":"open","sticky":false,"template":"","format":"standard","meta":{"ngg_post_thumbnail":0},"categories":[30],"tags":[],"post_mailing_queue_ids":[],"_links":{"self":[{"href":"http:\/\/www.choye.fr\/index.php?rest_route=\/wp\/v2\/posts\/965"}],"collection":[{"href":"http:\/\/www.choye.fr\/index.php?rest_route=\/wp\/v2\/posts"}],"about":[{"href":"http:\/\/www.choye.fr\/index.php?rest_route=\/wp\/v2\/types\/post"}],"author":[{"embeddable":true,"href":"http:\/\/www.choye.fr\/index.php?rest_route=\/wp\/v2\/users\/258"}],"replies":[{"embeddable":true,"href":"http:\/\/www.choye.fr\/index.php?rest_route=%2Fwp%2Fv2%2Fcomments&post=965"}],"version-history":[{"count":2,"href":"http:\/\/www.choye.fr\/index.php?rest_route=\/wp\/v2\/posts\/965\/revisions"}],"predecessor-version":[{"id":968,"href":"http:\/\/www.choye.fr\/index.php?rest_route=\/wp\/v2\/posts\/965\/revisions\/968"}],"wp:attachment":[{"href":"http:\/\/www.choye.fr\/index.php?rest_route=%2Fwp%2Fv2%2Fmedia&parent=965"}],"wp:term":[{"taxonomy":"category","embeddable":true,"href":"http:\/\/www.choye.fr\/index.php?rest_route=%2Fwp%2Fv2%2Fcategories&post=965"},{"taxonomy":"post_tag","embeddable":true,"href":"http:\/\/www.choye.fr\/index.php?rest_route=%2Fwp%2Fv2%2Ftags&post=965"}],"curies":[{"name":"wp","href":"https:\/\/api.w.org\/{rel}","templated":true}]}}