{"id":956,"date":"2009-06-14T16:00:10","date_gmt":"2009-06-14T15:00:10","guid":{"rendered":"http:\/\/www.choye.fr\/?p=956"},"modified":"2009-06-14T16:59:20","modified_gmt":"2009-06-14T15:59:20","slug":"fete-de-la-peche-2","status":"publish","type":"post","link":"http:\/\/www.choye.fr\/?p=956","title":{"rendered":"F\u00eate de la p\u00eache"},"content":{"rendered":"<p><a title=\"\u00e9tang de Choye\" href=\"http:\/\/www.choye.fr\/wp-content\/uploads\/2008\/05\/etangchoyefetepeche.jpg\"><\/a><a href=\"http:\/\/www.choye.fr\/wp-content\/uploads\/2009\/06\/p6130005-copie.jpg\"><img decoding=\"async\" loading=\"lazy\" class=\"alignleft size-thumbnail wp-image-972\" title=\"p6130005-copie\" src=\"http:\/\/www.choye.fr\/wp-content\/uploads\/2009\/06\/p6130005-copie-120x90.jpg\" alt=\"\" width=\"120\" height=\"90\" srcset=\"http:\/\/www.choye.fr\/wp-content\/uploads\/2009\/06\/p6130005-copie-120x90.jpg 120w, http:\/\/www.choye.fr\/wp-content\/uploads\/2009\/06\/p6130005-copie-300x225.jpg 300w, http:\/\/www.choye.fr\/wp-content\/uploads\/2009\/06\/p6130005-copie.jpg 448w\" sizes=\"(max-width: 120px) 100vw, 120px\" \/><\/a>Ce dimanche, les associations de p\u00eache \u00ab\u00a0le poisson d&rsquo;argent\u00a0\u00bb\u00a0et\u00a0\u00ab\u00a0Val de Sa\u00f4ne carpe 70\u00a0\u00bb\u00a0ont organis\u00e9 la deuxi\u00e8me f\u00eate de la p\u00eache \u00e0 l&rsquo;\u00e9tang de Choye. D\u00e9monstrations de p\u00eache \u00e0 la carpe, fabrication d&rsquo;appats avec \u00ab\u00a0L&rsquo;amorce\u00a0\u00bb, entreprise de Choye. Respect des poissons et de l&rsquo;environnement, telle est la devise de Domique Goichot, Pr\u00e9sident de \u00ab\u00a0Val de Sa\u00f4ne carpe 70\u00a0\u00bb et cr\u00e9ateur de \u00ab\u00a0l&rsquo;amorce\u00a0\u00bb.<\/p>\n","protected":false},"excerpt":{"rendered":"<p>Ce dimanche, les associations de p\u00eache \u00ab\u00a0le poisson d&rsquo;argent\u00a0\u00bb\u00a0et\u00a0\u00ab\u00a0Val de Sa\u00f4ne carpe 70\u00a0\u00bb\u00a0ont organis\u00e9 la deuxi\u00e8me f\u00eate de la p\u00eache \u00e0 l&rsquo;\u00e9tang de Choye. D\u00e9monstrations de p\u00eache \u00e0 la carpe, fabrication d&rsquo;appats avec \u00ab\u00a0L&rsquo;amorce\u00a0\u00bb, entreprise de Choye. Respect des poissons &hellip; <a href=\"http:\/\/www.choye.fr\/?p=956\">Continuer la lecture <span class=\"meta-nav\">&rarr;<\/span><\/a><\/p>\n","protected":false},"author":258,"featured_media":0,"comment_status":"open","ping_status":"open","sticky":false,"template":"","format":"standard","meta":{"ngg_post_thumbnail":0},"categories":[5,8,11],"tags":[],"post_mailing_queue_ids":[],"_links":{"self":[{"href":"http:\/\/www.choye.fr\/index.php?rest_route=\/wp\/v2\/posts\/956"}],"collection":[{"href":"http:\/\/www.choye.fr\/index.php?rest_route=\/wp\/v2\/posts"}],"about":[{"href":"http:\/\/www.choye.fr\/index.php?rest_route=\/wp\/v2\/types\/post"}],"author":[{"embeddable":true,"href":"http:\/\/www.choye.fr\/index.php?rest_route=\/wp\/v2\/users\/258"}],"replies":[{"embeddable":true,"href":"http:\/\/www.choye.fr\/index.php?rest_route=%2Fwp%2Fv2%2Fcomments&post=956"}],"version-history":[{"count":6,"href":"http:\/\/www.choye.fr\/index.php?rest_route=\/wp\/v2\/posts\/956\/revisions"}],"predecessor-version":[{"id":976,"href":"http:\/\/www.choye.fr\/index.php?rest_route=\/wp\/v2\/posts\/956\/revisions\/976"}],"wp:attachment":[{"href":"http:\/\/www.choye.fr\/index.php?rest_route=%2Fwp%2Fv2%2Fmedia&parent=956"}],"wp:term":[{"taxonomy":"category","embeddable":true,"href":"http:\/\/www.choye.fr\/index.php?rest_route=%2Fwp%2Fv2%2Fcategories&post=956"},{"taxonomy":"post_tag","embeddable":true,"href":"http:\/\/www.choye.fr\/index.php?rest_route=%2Fwp%2Fv2%2Ftags&post=956"}],"curies":[{"name":"wp","href":"https:\/\/api.w.org\/{rel}","templated":true}]}}