{"id":9455,"date":"2023-04-01T07:00:00","date_gmt":"2023-04-01T06:00:00","guid":{"rendered":"http:\/\/www.choye.fr\/?p=9455"},"modified":"2023-03-31T23:12:13","modified_gmt":"2023-03-31T22:12:13","slug":"un-koala-en-foret-de-choye","status":"publish","type":"post","link":"http:\/\/www.choye.fr\/?p=9455","title":{"rendered":"Un koala en for\u00eat de Choye !"},"content":{"rendered":"\n<p>Le promeneur habitu\u00e9 de nos bois communaux n&rsquo;en croit toujours pas ses yeux, cela semble bien \u00eatre  un  koala qu&rsquo;il a pu observer au creux d&rsquo;un arbre dans une parcelle des bois de Choye.<\/p>\n\n\n\n<p>S&rsquo;il a pu prendre le temps de prendre un clich\u00e9 de l&rsquo;animal, il a vite perdu sa trace en tentant de s&rsquo;approcher. Lorsque ce dernier l&rsquo;a aper\u00e7u, il s&rsquo;est vite mis \u00e0 l&rsquo;abris dans les fourr\u00e9s et n&rsquo;a pas remontr\u00e9 le bout de son museau.<\/p>\n\n\n\n<p>\u00ab\u00a0Malgr\u00e9 son allure non chalante, il est tr\u00e8s rapide&#8230;\u00a0\u00bb t\u00e9moignait l&rsquo;habitant du village qui souhaitait garder l&rsquo;anonymat. \u00ab\u00a0Les gens vont me prendre pour un fou!\u00a0\u00bb.<\/p>\n\n\n\n<p>La commune tient \u00e0 pr\u00e9ciser qu&rsquo;aucun eucalyptus n&rsquo;a \u00e9t\u00e9 plant\u00e9 ces derniers temps et le maire pr\u00e9cise toutefois que pour le bien de ce suppos\u00e9 koala et celui des autres esp\u00e8ces qui sont en pleine  p\u00e9riode de reproduction et de nidification, il est d&rsquo;autant plus important de respecter leur cadre de vie et donc le calme dans nos for\u00eats et jardins.<\/p>\n\n\n\n<p>Il faudra aussi rapidement prendre des mesures pour adapter les panneaux de signalisations de travers\u00e9es d&rsquo;animaux sauvages aux abords des routes en adaptant le visuel \u00e0 cette nouvelle esp\u00e8ce.<\/p>\n\n\n\n<figure class=\"is-layout-flex wp-block-gallery-1 wp-block-gallery has-nested-images columns-default is-cropped\">\n<figure class=\"wp-block-image size-large\"><img decoding=\"async\" loading=\"lazy\" width=\"768\" height=\"510\" data-id=\"9456\"  src=\"http:\/\/www.choye.fr\/wp-content\/uploads\/2023\/03\/koala-2-768x510-1.jpg\" alt=\"\" class=\"wp-image-9456\" srcset=\"http:\/\/www.choye.fr\/wp-content\/uploads\/2023\/03\/koala-2-768x510-1.jpg 768w, http:\/\/www.choye.fr\/wp-content\/uploads\/2023\/03\/koala-2-768x510-1-300x199.jpg 300w\" sizes=\"(max-width: 768px) 100vw, 768px\" \/><\/figure>\n<\/figure>\n","protected":false},"excerpt":{"rendered":"<p>Le promeneur habitu\u00e9 de nos bois communaux n&rsquo;en croit toujours pas ses yeux, cela semble bien \u00eatre un koala qu&rsquo;il a pu observer au creux d&rsquo;un arbre dans une parcelle des bois de Choye. S&rsquo;il a pu prendre le temps &hellip; <a href=\"http:\/\/www.choye.fr\/?p=9455\">Continuer la lecture <span class=\"meta-nav\">&rarr;<\/span><\/a><\/p>\n","protected":false},"author":232,"featured_media":0,"comment_status":"closed","ping_status":"closed","sticky":false,"template":"","format":"standard","meta":{"ngg_post_thumbnail":0},"categories":[7],"tags":[],"post_mailing_queue_ids":[],"_links":{"self":[{"href":"http:\/\/www.choye.fr\/index.php?rest_route=\/wp\/v2\/posts\/9455"}],"collection":[{"href":"http:\/\/www.choye.fr\/index.php?rest_route=\/wp\/v2\/posts"}],"about":[{"href":"http:\/\/www.choye.fr\/index.php?rest_route=\/wp\/v2\/types\/post"}],"author":[{"embeddable":true,"href":"http:\/\/www.choye.fr\/index.php?rest_route=\/wp\/v2\/users\/232"}],"replies":[{"embeddable":true,"href":"http:\/\/www.choye.fr\/index.php?rest_route=%2Fwp%2Fv2%2Fcomments&post=9455"}],"version-history":[{"count":2,"href":"http:\/\/www.choye.fr\/index.php?rest_route=\/wp\/v2\/posts\/9455\/revisions"}],"predecessor-version":[{"id":9458,"href":"http:\/\/www.choye.fr\/index.php?rest_route=\/wp\/v2\/posts\/9455\/revisions\/9458"}],"wp:attachment":[{"href":"http:\/\/www.choye.fr\/index.php?rest_route=%2Fwp%2Fv2%2Fmedia&parent=9455"}],"wp:term":[{"taxonomy":"category","embeddable":true,"href":"http:\/\/www.choye.fr\/index.php?rest_route=%2Fwp%2Fv2%2Fcategories&post=9455"},{"taxonomy":"post_tag","embeddable":true,"href":"http:\/\/www.choye.fr\/index.php?rest_route=%2Fwp%2Fv2%2Ftags&post=9455"}],"curies":[{"name":"wp","href":"https:\/\/api.w.org\/{rel}","templated":true}]}}