{"id":9101,"date":"2022-11-19T12:00:36","date_gmt":"2022-11-19T11:00:36","guid":{"rendered":"http:\/\/www.choye.fr\/?p=9101"},"modified":"2022-11-21T13:14:23","modified_gmt":"2022-11-21T12:14:23","slug":"vente-de-roses","status":"publish","type":"post","link":"http:\/\/www.choye.fr\/?p=9101","title":{"rendered":"Vente de roses"},"content":{"rendered":"\n<figure class=\"wp-block-image\"><img decoding=\"async\" loading=\"lazy\" width=\"349\" height=\"144\" src=\"http:\/\/www.choye.fr\/wp-content\/uploads\/2022\/11\/t\u00e9l\u00e9chargement-2.png\" alt=\"\" class=\"wp-image-9103\" srcset=\"http:\/\/www.choye.fr\/wp-content\/uploads\/2022\/11\/t\u00e9l\u00e9chargement-2.png 349w, http:\/\/www.choye.fr\/wp-content\/uploads\/2022\/11\/t\u00e9l\u00e9chargement-2-300x124.png 300w\" sizes=\"(max-width: 349px) 100vw, 349px\" \/><\/figure>\n\n\n\n<p>Dans le cadre du 37\u00e8 T\u00e9l\u00e9thon, l&rsquo;association Emilie organisera une vente de roses du T\u00e9l\u00e9thon, le 2 et 3 d\u00e9cembre 2022.<\/p>\n\n\n\n<figure class=\"wp-block-image\"><img decoding=\"async\" loading=\"lazy\" width=\"724\" height=\"1024\" src=\"http:\/\/www.choye.fr\/wp-content\/uploads\/2022\/11\/20221121131229_00001-724x1024.jpg\" alt=\"\" class=\"wp-image-9132\" srcset=\"http:\/\/www.choye.fr\/wp-content\/uploads\/2022\/11\/20221121131229_00001-724x1024.jpg 724w, http:\/\/www.choye.fr\/wp-content\/uploads\/2022\/11\/20221121131229_00001-212x300.jpg 212w, http:\/\/www.choye.fr\/wp-content\/uploads\/2022\/11\/20221121131229_00001-768x1086.jpg 768w\" sizes=\"(max-width: 724px) 100vw, 724px\" \/><\/figure>\n","protected":false},"excerpt":{"rendered":"<p>Dans le cadre du 37\u00e8 T\u00e9l\u00e9thon, l&rsquo;association Emilie organisera une vente de roses du T\u00e9l\u00e9thon, le 2 et 3 d\u00e9cembre 2022.<\/p>\n","protected":false},"author":803,"featured_media":0,"comment_status":"closed","ping_status":"closed","sticky":false,"template":"","format":"standard","meta":{"ngg_post_thumbnail":0},"categories":[7],"tags":[],"post_mailing_queue_ids":[],"_links":{"self":[{"href":"http:\/\/www.choye.fr\/index.php?rest_route=\/wp\/v2\/posts\/9101"}],"collection":[{"href":"http:\/\/www.choye.fr\/index.php?rest_route=\/wp\/v2\/posts"}],"about":[{"href":"http:\/\/www.choye.fr\/index.php?rest_route=\/wp\/v2\/types\/post"}],"author":[{"embeddable":true,"href":"http:\/\/www.choye.fr\/index.php?rest_route=\/wp\/v2\/users\/803"}],"replies":[{"embeddable":true,"href":"http:\/\/www.choye.fr\/index.php?rest_route=%2Fwp%2Fv2%2Fcomments&post=9101"}],"version-history":[{"count":4,"href":"http:\/\/www.choye.fr\/index.php?rest_route=\/wp\/v2\/posts\/9101\/revisions"}],"predecessor-version":[{"id":9134,"href":"http:\/\/www.choye.fr\/index.php?rest_route=\/wp\/v2\/posts\/9101\/revisions\/9134"}],"wp:attachment":[{"href":"http:\/\/www.choye.fr\/index.php?rest_route=%2Fwp%2Fv2%2Fmedia&parent=9101"}],"wp:term":[{"taxonomy":"category","embeddable":true,"href":"http:\/\/www.choye.fr\/index.php?rest_route=%2Fwp%2Fv2%2Fcategories&post=9101"},{"taxonomy":"post_tag","embeddable":true,"href":"http:\/\/www.choye.fr\/index.php?rest_route=%2Fwp%2Fv2%2Ftags&post=9101"}],"curies":[{"name":"wp","href":"https:\/\/api.w.org\/{rel}","templated":true}]}}