{"id":7981,"date":"2021-01-18T12:00:01","date_gmt":"2021-01-18T11:00:01","guid":{"rendered":"http:\/\/www.choye.fr\/?p=7981"},"modified":"2021-01-15T16:27:20","modified_gmt":"2021-01-15T15:27:20","slug":"journees-defense-et-citoyennete","status":"publish","type":"post","link":"http:\/\/www.choye.fr\/?p=7981","title":{"rendered":"Journ\u00e9es d\u00e9fense et citoyennet\u00e9"},"content":{"rendered":"\n<p>A 16 ans, tout jeune Fran\u00e7ais, gar\u00e7on ou fille, doit se faire recenser \u00e0 la mairie de son lieu d&rsquo;habitation, pour \u00eatre convoqu\u00e9 \u00e0 la journ\u00e9e d\u00e9fense et citoyennet\u00e9 (JDC). Il se voit remettre une attestation, qui lui permet notamment de s&rsquo;inscrire aux examens et concours de l&rsquo;\u00c9tat (permis de conduire, baccalaur\u00e9at, &#8230;). <\/p>\n\n\n\n<p>Les jeunes qui devront se faire recenser en 2021 sont donc ceux qui sont n\u00e9s en 2005. <\/p>\n\n\n\n<div class=\"wp-block-image\"><figure class=\"aligncenter is-resized\"><img decoding=\"async\" loading=\"lazy\" src=\"http:\/\/www.choye.fr\/wp-content\/uploads\/2021\/01\/images-2.jpg\" alt=\"\" class=\"wp-image-7983\" width=\"348\" height=\"221\" \/><\/figure><\/div>\n","protected":false},"excerpt":{"rendered":"<p>A 16 ans, tout jeune Fran\u00e7ais, gar\u00e7on ou fille, doit se faire recenser \u00e0 la mairie de son lieu d&rsquo;habitation, pour \u00eatre convoqu\u00e9 \u00e0 la journ\u00e9e d\u00e9fense et citoyennet\u00e9 (JDC). Il se voit remettre une attestation, qui lui permet notamment &hellip; <a href=\"http:\/\/www.choye.fr\/?p=7981\">Continuer la lecture <span class=\"meta-nav\">&rarr;<\/span><\/a><\/p>\n","protected":false},"author":803,"featured_media":0,"comment_status":"closed","ping_status":"closed","sticky":false,"template":"","format":"standard","meta":{"ngg_post_thumbnail":0},"categories":[7],"tags":[],"post_mailing_queue_ids":[],"_links":{"self":[{"href":"http:\/\/www.choye.fr\/index.php?rest_route=\/wp\/v2\/posts\/7981"}],"collection":[{"href":"http:\/\/www.choye.fr\/index.php?rest_route=\/wp\/v2\/posts"}],"about":[{"href":"http:\/\/www.choye.fr\/index.php?rest_route=\/wp\/v2\/types\/post"}],"author":[{"embeddable":true,"href":"http:\/\/www.choye.fr\/index.php?rest_route=\/wp\/v2\/users\/803"}],"replies":[{"embeddable":true,"href":"http:\/\/www.choye.fr\/index.php?rest_route=%2Fwp%2Fv2%2Fcomments&post=7981"}],"version-history":[{"count":3,"href":"http:\/\/www.choye.fr\/index.php?rest_route=\/wp\/v2\/posts\/7981\/revisions"}],"predecessor-version":[{"id":7986,"href":"http:\/\/www.choye.fr\/index.php?rest_route=\/wp\/v2\/posts\/7981\/revisions\/7986"}],"wp:attachment":[{"href":"http:\/\/www.choye.fr\/index.php?rest_route=%2Fwp%2Fv2%2Fmedia&parent=7981"}],"wp:term":[{"taxonomy":"category","embeddable":true,"href":"http:\/\/www.choye.fr\/index.php?rest_route=%2Fwp%2Fv2%2Fcategories&post=7981"},{"taxonomy":"post_tag","embeddable":true,"href":"http:\/\/www.choye.fr\/index.php?rest_route=%2Fwp%2Fv2%2Ftags&post=7981"}],"curies":[{"name":"wp","href":"https:\/\/api.w.org\/{rel}","templated":true}]}}