{"id":7905,"date":"2020-12-04T14:54:15","date_gmt":"2020-12-04T13:54:15","guid":{"rendered":"http:\/\/www.choye.fr\/?p=7905"},"modified":"2020-12-04T14:54:15","modified_gmt":"2020-12-04T13:54:15","slug":"7905","status":"publish","type":"post","link":"http:\/\/www.choye.fr\/?p=7905","title":{"rendered":""},"content":{"rendered":"\n<div class=\"wp-block-image\"><figure class=\"aligncenter\"><img decoding=\"async\" src=\"http:\/\/www.choye.fr\/wp-content\/uploads\/2020\/11\/t%C3%A9l%C3%A9chargement.jpg\" alt=\"L\u2019attribut alt de cette image est vide, son nom de fichier est t\u00e9l\u00e9chargement.jpg.\" \/><\/figure><\/div>\n\n\n\n<p>L\u2019entreprise Gaz et Eaux, fermier du r\u00e9seau d\u2019eau potable, va proc\u00e9der au renouvellement des vannes du r\u00e9servoir d\u2019eau potable,<br><\/p>\n\n\n\n<p style=\"text-align:center\" class=\"has-text-color has-vivid-red-color\"><strong>le MARDI 8 DECEMBRE, de 8h \u00e0 13h<\/strong><\/p>\n\n\n\n<p>La r\u00e9serve incendie du r\u00e9servoir ne sera plus op\u00e9rationnelle ; et la distribution de l\u2019eau sera coup\u00e9e sur le village. Le remise en service s&rsquo;effectuera sans pr\u00e9avis.<\/p>\n\n\n\n<p style=\"text-align:center\">Merci de votre compr\u00e9hension.<\/p>\n","protected":false},"excerpt":{"rendered":"<p>L\u2019entreprise Gaz et Eaux, fermier du r\u00e9seau d\u2019eau potable, va proc\u00e9der au renouvellement des vannes du r\u00e9servoir d\u2019eau potable, le MARDI 8 DECEMBRE, de 8h \u00e0 13h La r\u00e9serve incendie du r\u00e9servoir ne sera plus op\u00e9rationnelle ; et la distribution &hellip; <a href=\"http:\/\/www.choye.fr\/?p=7905\">Continuer la lecture <span class=\"meta-nav\">&rarr;<\/span><\/a><\/p>\n","protected":false},"author":803,"featured_media":0,"comment_status":"closed","ping_status":"closed","sticky":false,"template":"","format":"standard","meta":{"ngg_post_thumbnail":0},"categories":[7],"tags":[],"post_mailing_queue_ids":[],"_links":{"self":[{"href":"http:\/\/www.choye.fr\/index.php?rest_route=\/wp\/v2\/posts\/7905"}],"collection":[{"href":"http:\/\/www.choye.fr\/index.php?rest_route=\/wp\/v2\/posts"}],"about":[{"href":"http:\/\/www.choye.fr\/index.php?rest_route=\/wp\/v2\/types\/post"}],"author":[{"embeddable":true,"href":"http:\/\/www.choye.fr\/index.php?rest_route=\/wp\/v2\/users\/803"}],"replies":[{"embeddable":true,"href":"http:\/\/www.choye.fr\/index.php?rest_route=%2Fwp%2Fv2%2Fcomments&post=7905"}],"version-history":[{"count":1,"href":"http:\/\/www.choye.fr\/index.php?rest_route=\/wp\/v2\/posts\/7905\/revisions"}],"predecessor-version":[{"id":7906,"href":"http:\/\/www.choye.fr\/index.php?rest_route=\/wp\/v2\/posts\/7905\/revisions\/7906"}],"wp:attachment":[{"href":"http:\/\/www.choye.fr\/index.php?rest_route=%2Fwp%2Fv2%2Fmedia&parent=7905"}],"wp:term":[{"taxonomy":"category","embeddable":true,"href":"http:\/\/www.choye.fr\/index.php?rest_route=%2Fwp%2Fv2%2Fcategories&post=7905"},{"taxonomy":"post_tag","embeddable":true,"href":"http:\/\/www.choye.fr\/index.php?rest_route=%2Fwp%2Fv2%2Ftags&post=7905"}],"curies":[{"name":"wp","href":"https:\/\/api.w.org\/{rel}","templated":true}]}}