{"id":7446,"date":"2019-11-09T11:34:59","date_gmt":"2019-11-09T10:34:59","guid":{"rendered":"http:\/\/www.choye.fr\/?p=7446"},"modified":"2019-11-09T11:47:12","modified_gmt":"2019-11-09T10:47:12","slug":"commemoration-du-11-novembre-1918","status":"publish","type":"post","link":"http:\/\/www.choye.fr\/?p=7446","title":{"rendered":"Comm\u00e9moration du 11 novembre 1918"},"content":{"rendered":"\n<p>L&rsquo;ensemble de la population de Choye, Velloreille l\u00e8s Choye et Villefrancon est convi\u00e9 \u00e0 la comm\u00e9moration du 11 novembre 1918 :<br>rendez-vous lundi 11 novembre 2019 \u00e0 11h15 au monument aux morts de Villefrancon, puis \u00e0 11h30 au monument aux morts de Choye<\/p>\n\n\n\n<p>Ce rassemblement se cl\u00f4turera par le verre de l&rsquo;amiti\u00e9 en mairie de Choye.<\/p>\n","protected":false},"excerpt":{"rendered":"<p>L&rsquo;ensemble de la population de Choye, Velloreille l\u00e8s Choye et Villefrancon est convi\u00e9 \u00e0 la comm\u00e9moration du 11 novembre 1918 :rendez-vous lundi 11 novembre 2019 \u00e0 11h15 au monument aux morts de Villefrancon, puis \u00e0 11h30 au monument aux morts &hellip; <a href=\"http:\/\/www.choye.fr\/?p=7446\">Continuer la lecture <span class=\"meta-nav\">&rarr;<\/span><\/a><\/p>\n","protected":false},"author":232,"featured_media":0,"comment_status":"closed","ping_status":"closed","sticky":false,"template":"","format":"standard","meta":{"ngg_post_thumbnail":0},"categories":[3,7,11],"tags":[],"post_mailing_queue_ids":[],"_links":{"self":[{"href":"http:\/\/www.choye.fr\/index.php?rest_route=\/wp\/v2\/posts\/7446"}],"collection":[{"href":"http:\/\/www.choye.fr\/index.php?rest_route=\/wp\/v2\/posts"}],"about":[{"href":"http:\/\/www.choye.fr\/index.php?rest_route=\/wp\/v2\/types\/post"}],"author":[{"embeddable":true,"href":"http:\/\/www.choye.fr\/index.php?rest_route=\/wp\/v2\/users\/232"}],"replies":[{"embeddable":true,"href":"http:\/\/www.choye.fr\/index.php?rest_route=%2Fwp%2Fv2%2Fcomments&post=7446"}],"version-history":[{"count":5,"href":"http:\/\/www.choye.fr\/index.php?rest_route=\/wp\/v2\/posts\/7446\/revisions"}],"predecessor-version":[{"id":7452,"href":"http:\/\/www.choye.fr\/index.php?rest_route=\/wp\/v2\/posts\/7446\/revisions\/7452"}],"wp:attachment":[{"href":"http:\/\/www.choye.fr\/index.php?rest_route=%2Fwp%2Fv2%2Fmedia&parent=7446"}],"wp:term":[{"taxonomy":"category","embeddable":true,"href":"http:\/\/www.choye.fr\/index.php?rest_route=%2Fwp%2Fv2%2Fcategories&post=7446"},{"taxonomy":"post_tag","embeddable":true,"href":"http:\/\/www.choye.fr\/index.php?rest_route=%2Fwp%2Fv2%2Ftags&post=7446"}],"curies":[{"name":"wp","href":"https:\/\/api.w.org\/{rel}","templated":true}]}}