{"id":7387,"date":"2019-09-26T10:51:29","date_gmt":"2019-09-26T09:51:29","guid":{"rendered":"http:\/\/www.choye.fr\/?p=7387"},"modified":"2019-09-26T10:51:29","modified_gmt":"2019-09-26T09:51:29","slug":"deces-17","status":"publish","type":"post","link":"http:\/\/www.choye.fr\/?p=7387","title":{"rendered":"D\u00e9c\u00e8s"},"content":{"rendered":"\n<p>Monsieur Raymond Louisot qui r\u00e9sidait grande-rue \u00e0 Choye est d\u00e9c\u00e9d\u00e9 le 23 septembre.<\/p>\n\n\n\n<p>Il avait \u00e9t\u00e9 tr\u00e9sorier et porte drapeau de l&rsquo;amical des anciens combattants Choye Velloreille l\u00e8s Choye Villefrancon.<\/p>\n\n\n\n<p>Il a \u00e9galement rendu de nombreux services \u00e0 la commune, en \u00e9tant notamment pi\u00e9geur.<\/p>\n\n\n\n<p>Il avait \u00e0 c\u0153ur de participer aux diff\u00e9rentes animations et \u00e0 la vie de notre commune.<\/p>\n\n\n\n<p>Toutes nos condol\u00e9ances.<\/p>\n","protected":false},"excerpt":{"rendered":"<p>Monsieur Raymond Louisot qui r\u00e9sidait grande-rue \u00e0 Choye est d\u00e9c\u00e9d\u00e9 le 23 septembre. Il avait \u00e9t\u00e9 tr\u00e9sorier et porte drapeau de l&rsquo;amical des anciens combattants Choye Velloreille l\u00e8s Choye Villefrancon. Il a \u00e9galement rendu de nombreux services \u00e0 la commune, &hellip; <a href=\"http:\/\/www.choye.fr\/?p=7387\">Continuer la lecture <span class=\"meta-nav\">&rarr;<\/span><\/a><\/p>\n","protected":false},"author":232,"featured_media":0,"comment_status":"closed","ping_status":"closed","sticky":false,"template":"","format":"standard","meta":{"ngg_post_thumbnail":0},"categories":[24,11],"tags":[],"post_mailing_queue_ids":[],"_links":{"self":[{"href":"http:\/\/www.choye.fr\/index.php?rest_route=\/wp\/v2\/posts\/7387"}],"collection":[{"href":"http:\/\/www.choye.fr\/index.php?rest_route=\/wp\/v2\/posts"}],"about":[{"href":"http:\/\/www.choye.fr\/index.php?rest_route=\/wp\/v2\/types\/post"}],"author":[{"embeddable":true,"href":"http:\/\/www.choye.fr\/index.php?rest_route=\/wp\/v2\/users\/232"}],"replies":[{"embeddable":true,"href":"http:\/\/www.choye.fr\/index.php?rest_route=%2Fwp%2Fv2%2Fcomments&post=7387"}],"version-history":[{"count":1,"href":"http:\/\/www.choye.fr\/index.php?rest_route=\/wp\/v2\/posts\/7387\/revisions"}],"predecessor-version":[{"id":7388,"href":"http:\/\/www.choye.fr\/index.php?rest_route=\/wp\/v2\/posts\/7387\/revisions\/7388"}],"wp:attachment":[{"href":"http:\/\/www.choye.fr\/index.php?rest_route=%2Fwp%2Fv2%2Fmedia&parent=7387"}],"wp:term":[{"taxonomy":"category","embeddable":true,"href":"http:\/\/www.choye.fr\/index.php?rest_route=%2Fwp%2Fv2%2Fcategories&post=7387"},{"taxonomy":"post_tag","embeddable":true,"href":"http:\/\/www.choye.fr\/index.php?rest_route=%2Fwp%2Fv2%2Ftags&post=7387"}],"curies":[{"name":"wp","href":"https:\/\/api.w.org\/{rel}","templated":true}]}}