{"id":7385,"date":"2019-09-26T10:45:35","date_gmt":"2019-09-26T09:45:35","guid":{"rendered":"http:\/\/www.choye.fr\/?p=7385"},"modified":"2019-09-26T10:45:35","modified_gmt":"2019-09-26T09:45:35","slug":"deces-16","status":"publish","type":"post","link":"http:\/\/www.choye.fr\/?p=7385","title":{"rendered":"D\u00e9c\u00e8s"},"content":{"rendered":"\n<p>Monsieur Ludovic Lef\u00e8vre est d\u00e9c\u00e9d\u00e9 le 11 septembre 2019. Il r\u00e9sidait rue du pont.<\/p>\n\n\n\n<p>Toutes nos condol\u00e9ances \u00e0 son \u00e9pouse, Ga\u00eblle, et l&rsquo;ensemble de sa famille.<\/p>\n","protected":false},"excerpt":{"rendered":"<p>Monsieur Ludovic Lef\u00e8vre est d\u00e9c\u00e9d\u00e9 le 11 septembre 2019. Il r\u00e9sidait rue du pont. Toutes nos condol\u00e9ances \u00e0 son \u00e9pouse, Ga\u00eblle, et l&rsquo;ensemble de sa famille.<\/p>\n","protected":false},"author":232,"featured_media":0,"comment_status":"closed","ping_status":"closed","sticky":false,"template":"","format":"standard","meta":{"ngg_post_thumbnail":0},"categories":[24],"tags":[],"post_mailing_queue_ids":[],"_links":{"self":[{"href":"http:\/\/www.choye.fr\/index.php?rest_route=\/wp\/v2\/posts\/7385"}],"collection":[{"href":"http:\/\/www.choye.fr\/index.php?rest_route=\/wp\/v2\/posts"}],"about":[{"href":"http:\/\/www.choye.fr\/index.php?rest_route=\/wp\/v2\/types\/post"}],"author":[{"embeddable":true,"href":"http:\/\/www.choye.fr\/index.php?rest_route=\/wp\/v2\/users\/232"}],"replies":[{"embeddable":true,"href":"http:\/\/www.choye.fr\/index.php?rest_route=%2Fwp%2Fv2%2Fcomments&post=7385"}],"version-history":[{"count":1,"href":"http:\/\/www.choye.fr\/index.php?rest_route=\/wp\/v2\/posts\/7385\/revisions"}],"predecessor-version":[{"id":7386,"href":"http:\/\/www.choye.fr\/index.php?rest_route=\/wp\/v2\/posts\/7385\/revisions\/7386"}],"wp:attachment":[{"href":"http:\/\/www.choye.fr\/index.php?rest_route=%2Fwp%2Fv2%2Fmedia&parent=7385"}],"wp:term":[{"taxonomy":"category","embeddable":true,"href":"http:\/\/www.choye.fr\/index.php?rest_route=%2Fwp%2Fv2%2Fcategories&post=7385"},{"taxonomy":"post_tag","embeddable":true,"href":"http:\/\/www.choye.fr\/index.php?rest_route=%2Fwp%2Fv2%2Ftags&post=7385"}],"curies":[{"name":"wp","href":"https:\/\/api.w.org\/{rel}","templated":true}]}}