{"id":7383,"date":"2019-09-05T17:43:00","date_gmt":"2019-09-05T16:43:00","guid":{"rendered":"http:\/\/www.choye.fr\/?p=7383"},"modified":"2019-09-05T17:43:00","modified_gmt":"2019-09-05T16:43:00","slug":"travaux-2","status":"publish","type":"post","link":"http:\/\/www.choye.fr\/?p=7383","title":{"rendered":"Travaux"},"content":{"rendered":"\n<p>En ce d\u00e9but du mois de septembre vont \u00eatre r\u00e9alis\u00e9s les travaux de voirie annuels.<\/p>\n\n\n\n<p>La route du Virey va \u00eatre partiellement remise \u00e0 neuf et  un programme  de r\u00e9paration localis\u00e9 est \u00e9galement mis en place dans l&rsquo;ensemble des rues du village.<\/p>\n\n\n\n<p>Ces travaux sont r\u00e9alis\u00e9s au sein d&rsquo;un groupement de commande g\u00e9r\u00e9 par la Communaut\u00e9 de Communes des Monts de Gy. Les travaux estim\u00e9s \u00e0 <br>13 000 euros seront subventionn\u00e9s par le d\u00e9partement \u00e0 35%. <\/p>\n\n\n\n<p>Merci pour leur compr\u00e9hension aux usagers de la route qui ont du \u00e9viter les trous pendant les quelques mois au cours desquels s&rsquo;est mis en place le groupement de commande qui permet d&rsquo;obtenir des prix plus comp\u00e9titifs.<br><\/p>\n","protected":false},"excerpt":{"rendered":"<p>En ce d\u00e9but du mois de septembre vont \u00eatre r\u00e9alis\u00e9s les travaux de voirie annuels. La route du Virey va \u00eatre partiellement remise \u00e0 neuf et un programme de r\u00e9paration localis\u00e9 est \u00e9galement mis en place dans l&rsquo;ensemble des rues &hellip; <a href=\"http:\/\/www.choye.fr\/?p=7383\">Continuer la lecture <span class=\"meta-nav\">&rarr;<\/span><\/a><\/p>\n","protected":false},"author":232,"featured_media":0,"comment_status":"closed","ping_status":"closed","sticky":false,"template":"","format":"standard","meta":{"ngg_post_thumbnail":0},"categories":[7,11],"tags":[],"post_mailing_queue_ids":[],"_links":{"self":[{"href":"http:\/\/www.choye.fr\/index.php?rest_route=\/wp\/v2\/posts\/7383"}],"collection":[{"href":"http:\/\/www.choye.fr\/index.php?rest_route=\/wp\/v2\/posts"}],"about":[{"href":"http:\/\/www.choye.fr\/index.php?rest_route=\/wp\/v2\/types\/post"}],"author":[{"embeddable":true,"href":"http:\/\/www.choye.fr\/index.php?rest_route=\/wp\/v2\/users\/232"}],"replies":[{"embeddable":true,"href":"http:\/\/www.choye.fr\/index.php?rest_route=%2Fwp%2Fv2%2Fcomments&post=7383"}],"version-history":[{"count":1,"href":"http:\/\/www.choye.fr\/index.php?rest_route=\/wp\/v2\/posts\/7383\/revisions"}],"predecessor-version":[{"id":7384,"href":"http:\/\/www.choye.fr\/index.php?rest_route=\/wp\/v2\/posts\/7383\/revisions\/7384"}],"wp:attachment":[{"href":"http:\/\/www.choye.fr\/index.php?rest_route=%2Fwp%2Fv2%2Fmedia&parent=7383"}],"wp:term":[{"taxonomy":"category","embeddable":true,"href":"http:\/\/www.choye.fr\/index.php?rest_route=%2Fwp%2Fv2%2Fcategories&post=7383"},{"taxonomy":"post_tag","embeddable":true,"href":"http:\/\/www.choye.fr\/index.php?rest_route=%2Fwp%2Fv2%2Ftags&post=7383"}],"curies":[{"name":"wp","href":"https:\/\/api.w.org\/{rel}","templated":true}]}}