{"id":7379,"date":"2019-08-31T20:11:24","date_gmt":"2019-08-31T19:11:24","guid":{"rendered":"http:\/\/www.choye.fr\/?p=7379"},"modified":"2019-08-31T20:13:02","modified_gmt":"2019-08-31T19:13:02","slug":"horaires-transports-scolaires","status":"publish","type":"post","link":"http:\/\/www.choye.fr\/?p=7379","title":{"rendered":"Horaires transports scolaires"},"content":{"rendered":"\n<p>&nbsp;Nous vous communiquons les fiches horaires des services de transport qui desserviront notre commune \u00e0 compter du lundi 2 septembre 2019.<\/p>\n\n\n\n<p>Ces services sont mis en place \u00e0 l&rsquo;intention des \u00e9l\u00e8ves, mais sont ouverts \u00e0 tout autre usager, muni d&rsquo;un billet pouvant \u00eatre achet\u00e9 \u00e0 bord du v\u00e9hicule, dans la limite des places disponibles.<\/p>\n\n\n\n<p>Les horaires des services des transports sont consultables sur le site Internet :&nbsp;<a rel=\"noreferrer noopener\" href=\"https:\/\/www.bourgognefranchecomte.fr\/\" target=\"_blank\">https:\/\/www.bourgognefranchecomte.fr<\/a>&nbsp;rubrique Transports scolaires puis Haute-Sa\u00f4ne.<\/p>\n\n\n\n<p>Ecole primaire :<br>D\u00e9part Choye matin  : 8h19                 Retour Choye midi : 12h16<br>D\u00e9part Choye apr\u00e8s-midi : 13h34       Retour Choye soir 16h36<\/p>\n\n\n\n<p>Coll\u00e8ge :<br>D\u00e9part matin : 7h48                              Retour 17h12  (un retour est propos\u00e9 le mercredi \u00e0 12h27)<\/p>\n\n\n\n<p>Bonne rentr\u00e9e \u00e0 tous !!<\/p>\n","protected":false},"excerpt":{"rendered":"<p>&nbsp;Nous vous communiquons les fiches horaires des services de transport qui desserviront notre commune \u00e0 compter du lundi 2 septembre 2019. Ces services sont mis en place \u00e0 l&rsquo;intention des \u00e9l\u00e8ves, mais sont ouverts \u00e0 tout autre usager, muni d&rsquo;un &hellip; <a href=\"http:\/\/www.choye.fr\/?p=7379\">Continuer la lecture <span class=\"meta-nav\">&rarr;<\/span><\/a><\/p>\n","protected":false},"author":232,"featured_media":0,"comment_status":"closed","ping_status":"closed","sticky":false,"template":"","format":"standard","meta":{"ngg_post_thumbnail":0},"categories":[13,7,11],"tags":[],"post_mailing_queue_ids":[],"_links":{"self":[{"href":"http:\/\/www.choye.fr\/index.php?rest_route=\/wp\/v2\/posts\/7379"}],"collection":[{"href":"http:\/\/www.choye.fr\/index.php?rest_route=\/wp\/v2\/posts"}],"about":[{"href":"http:\/\/www.choye.fr\/index.php?rest_route=\/wp\/v2\/types\/post"}],"author":[{"embeddable":true,"href":"http:\/\/www.choye.fr\/index.php?rest_route=\/wp\/v2\/users\/232"}],"replies":[{"embeddable":true,"href":"http:\/\/www.choye.fr\/index.php?rest_route=%2Fwp%2Fv2%2Fcomments&post=7379"}],"version-history":[{"count":2,"href":"http:\/\/www.choye.fr\/index.php?rest_route=\/wp\/v2\/posts\/7379\/revisions"}],"predecessor-version":[{"id":7381,"href":"http:\/\/www.choye.fr\/index.php?rest_route=\/wp\/v2\/posts\/7379\/revisions\/7381"}],"wp:attachment":[{"href":"http:\/\/www.choye.fr\/index.php?rest_route=%2Fwp%2Fv2%2Fmedia&parent=7379"}],"wp:term":[{"taxonomy":"category","embeddable":true,"href":"http:\/\/www.choye.fr\/index.php?rest_route=%2Fwp%2Fv2%2Fcategories&post=7379"},{"taxonomy":"post_tag","embeddable":true,"href":"http:\/\/www.choye.fr\/index.php?rest_route=%2Fwp%2Fv2%2Ftags&post=7379"}],"curies":[{"name":"wp","href":"https:\/\/api.w.org\/{rel}","templated":true}]}}