{"id":7365,"date":"2019-08-14T20:43:47","date_gmt":"2019-08-14T19:43:47","guid":{"rendered":"http:\/\/www.choye.fr\/?p=7365"},"modified":"2019-08-15T18:50:09","modified_gmt":"2019-08-15T17:50:09","slug":"deces-15","status":"publish","type":"post","link":"http:\/\/www.choye.fr\/?p=7365","title":{"rendered":"D\u00e9c\u00e8s"},"content":{"rendered":"\n<p>Ce mercredi 14 ao\u00fbt est d\u00e9c\u00e9d\u00e9 Mr Guy Li\u00e9val \u00e0 l&rsquo;\u00e2ge de 95 ans.<\/p>\n\n\n\n<p>Une c\u00e9r\u00e9monie religieuse aura lieu \u00e0 l&rsquo;\u00e9glise de Choye vendredi 16 ao\u00fbt \u00e0 14h00.<\/p>\n\n\n\n<p>Nos condol\u00e9ances les plus sinc\u00e8res \u00e0 son \u00e9pouse et \u00e0 l&rsquo;ensemble de ses proches.<\/p>\n","protected":false},"excerpt":{"rendered":"<p>Ce mercredi 14 ao\u00fbt est d\u00e9c\u00e9d\u00e9 Mr Guy Li\u00e9val \u00e0 l&rsquo;\u00e2ge de 95 ans. Une c\u00e9r\u00e9monie religieuse aura lieu \u00e0 l&rsquo;\u00e9glise de Choye vendredi 16 ao\u00fbt \u00e0 14h00. Nos condol\u00e9ances les plus sinc\u00e8res \u00e0 son \u00e9pouse et \u00e0 l&rsquo;ensemble de &hellip; <a href=\"http:\/\/www.choye.fr\/?p=7365\">Continuer la lecture <span class=\"meta-nav\">&rarr;<\/span><\/a><\/p>\n","protected":false},"author":232,"featured_media":0,"comment_status":"closed","ping_status":"closed","sticky":false,"template":"","format":"standard","meta":{"ngg_post_thumbnail":0},"categories":[7],"tags":[],"post_mailing_queue_ids":[],"_links":{"self":[{"href":"http:\/\/www.choye.fr\/index.php?rest_route=\/wp\/v2\/posts\/7365"}],"collection":[{"href":"http:\/\/www.choye.fr\/index.php?rest_route=\/wp\/v2\/posts"}],"about":[{"href":"http:\/\/www.choye.fr\/index.php?rest_route=\/wp\/v2\/types\/post"}],"author":[{"embeddable":true,"href":"http:\/\/www.choye.fr\/index.php?rest_route=\/wp\/v2\/users\/232"}],"replies":[{"embeddable":true,"href":"http:\/\/www.choye.fr\/index.php?rest_route=%2Fwp%2Fv2%2Fcomments&post=7365"}],"version-history":[{"count":2,"href":"http:\/\/www.choye.fr\/index.php?rest_route=\/wp\/v2\/posts\/7365\/revisions"}],"predecessor-version":[{"id":7367,"href":"http:\/\/www.choye.fr\/index.php?rest_route=\/wp\/v2\/posts\/7365\/revisions\/7367"}],"wp:attachment":[{"href":"http:\/\/www.choye.fr\/index.php?rest_route=%2Fwp%2Fv2%2Fmedia&parent=7365"}],"wp:term":[{"taxonomy":"category","embeddable":true,"href":"http:\/\/www.choye.fr\/index.php?rest_route=%2Fwp%2Fv2%2Fcategories&post=7365"},{"taxonomy":"post_tag","embeddable":true,"href":"http:\/\/www.choye.fr\/index.php?rest_route=%2Fwp%2Fv2%2Ftags&post=7365"}],"curies":[{"name":"wp","href":"https:\/\/api.w.org\/{rel}","templated":true}]}}