{"id":7359,"date":"2019-07-25T19:45:55","date_gmt":"2019-07-25T18:45:55","guid":{"rendered":"http:\/\/www.choye.fr\/?p=7359"},"modified":"2019-07-26T02:59:46","modified_gmt":"2019-07-26T01:59:46","slug":"restriction-deau-renforcee","status":"publish","type":"post","link":"http:\/\/www.choye.fr\/?p=7359","title":{"rendered":"Restriction d&rsquo;eau renforc\u00e9e!"},"content":{"rendered":"\n<p>La pr\u00e9fecture de Haute-Sa\u00f4ne a renforc\u00e9 la restriction d&rsquo;eau. Vous retrouverez toutes les interdictions sur le lien suivant.<\/p>\n\n\n\n<p><a href=\"http:\/\/www.haute-saone.gouv.fr\/Politiques-publiques\/Environnement\/Eau\/Secheresse\/Point-sur-la-secheresse-en-Haute-Saone-du-25-juillet-2019\">http:\/\/www.haute-saone.gouv.fr\/Politiques-publiques\/Environnement\/Eau\/Secheresse\/Point-sur-la-secheresse-en-Haute-Saone-du-25-juillet-2019<\/a><\/p>\n\n\n\n<p>Il est de la responsabilit\u00e9 de chacun de pr\u00e9server notre ressource. Chacun de nous doit adopter un comportement responsable afin que l&rsquo;eau continue de couler \u00e0 nos robinets pour des usages raisonn\u00e9s!<\/p>\n\n\n\n<p>Les infractions seront signal\u00e9es.<\/p>\n","protected":false},"excerpt":{"rendered":"<p>La pr\u00e9fecture de Haute-Sa\u00f4ne a renforc\u00e9 la restriction d&rsquo;eau. Vous retrouverez toutes les interdictions sur le lien suivant. http:\/\/www.haute-saone.gouv.fr\/Politiques-publiques\/Environnement\/Eau\/Secheresse\/Point-sur-la-secheresse-en-Haute-Saone-du-25-juillet-2019 Il est de la responsabilit\u00e9 de chacun de pr\u00e9server notre ressource. Chacun de nous doit adopter un comportement responsable afin que &hellip; <a href=\"http:\/\/www.choye.fr\/?p=7359\">Continuer la lecture <span class=\"meta-nav\">&rarr;<\/span><\/a><\/p>\n","protected":false},"author":232,"featured_media":0,"comment_status":"closed","ping_status":"closed","sticky":false,"template":"","format":"standard","meta":{"ngg_post_thumbnail":0},"categories":[6,7],"tags":[],"post_mailing_queue_ids":[],"_links":{"self":[{"href":"http:\/\/www.choye.fr\/index.php?rest_route=\/wp\/v2\/posts\/7359"}],"collection":[{"href":"http:\/\/www.choye.fr\/index.php?rest_route=\/wp\/v2\/posts"}],"about":[{"href":"http:\/\/www.choye.fr\/index.php?rest_route=\/wp\/v2\/types\/post"}],"author":[{"embeddable":true,"href":"http:\/\/www.choye.fr\/index.php?rest_route=\/wp\/v2\/users\/232"}],"replies":[{"embeddable":true,"href":"http:\/\/www.choye.fr\/index.php?rest_route=%2Fwp%2Fv2%2Fcomments&post=7359"}],"version-history":[{"count":3,"href":"http:\/\/www.choye.fr\/index.php?rest_route=\/wp\/v2\/posts\/7359\/revisions"}],"predecessor-version":[{"id":7362,"href":"http:\/\/www.choye.fr\/index.php?rest_route=\/wp\/v2\/posts\/7359\/revisions\/7362"}],"wp:attachment":[{"href":"http:\/\/www.choye.fr\/index.php?rest_route=%2Fwp%2Fv2%2Fmedia&parent=7359"}],"wp:term":[{"taxonomy":"category","embeddable":true,"href":"http:\/\/www.choye.fr\/index.php?rest_route=%2Fwp%2Fv2%2Fcategories&post=7359"},{"taxonomy":"post_tag","embeddable":true,"href":"http:\/\/www.choye.fr\/index.php?rest_route=%2Fwp%2Fv2%2Ftags&post=7359"}],"curies":[{"name":"wp","href":"https:\/\/api.w.org\/{rel}","templated":true}]}}