{"id":7349,"date":"2019-07-19T18:29:45","date_gmt":"2019-07-19T17:29:45","guid":{"rendered":"http:\/\/www.choye.fr\/?p=7349"},"modified":"2019-07-19T18:29:45","modified_gmt":"2019-07-19T17:29:45","slug":"fermeture-du-depot-de-pain-et-du-point-poste","status":"publish","type":"post","link":"http:\/\/www.choye.fr\/?p=7349","title":{"rendered":"Fermeture du d\u00e9p\u00f4t de pain et du point Poste"},"content":{"rendered":"\n<p>Alors que le d\u00e9p\u00f4t de pain Choyen, desservi par le boulanger de Charcenne, a ferm\u00e9 ses portes  le 8 juillet dernier pour les cong\u00e9s annuels, Mr Rouget a inform\u00e9 le maire que l&rsquo;\u00e9tablissement ne r\u00e9-ouvrirai pas ses portes \u00e0 la fin de l&rsquo;\u00e9t\u00e9.<\/p>\n\n\n\n<p>Une r\u00e9flexion a donc \u00e9t\u00e9 lanc\u00e9e pour offrir aux habitu\u00e9s de ce service une solution de remplacement.<\/p>\n","protected":false},"excerpt":{"rendered":"<p>Alors que le d\u00e9p\u00f4t de pain Choyen, desservi par le boulanger de Charcenne, a ferm\u00e9 ses portes le 8 juillet dernier pour les cong\u00e9s annuels, Mr Rouget a inform\u00e9 le maire que l&rsquo;\u00e9tablissement ne r\u00e9-ouvrirai pas ses portes \u00e0 la &hellip; <a href=\"http:\/\/www.choye.fr\/?p=7349\">Continuer la lecture <span class=\"meta-nav\">&rarr;<\/span><\/a><\/p>\n","protected":false},"author":232,"featured_media":0,"comment_status":"closed","ping_status":"closed","sticky":false,"template":"","format":"standard","meta":{"ngg_post_thumbnail":0},"categories":[7,11],"tags":[],"post_mailing_queue_ids":[],"_links":{"self":[{"href":"http:\/\/www.choye.fr\/index.php?rest_route=\/wp\/v2\/posts\/7349"}],"collection":[{"href":"http:\/\/www.choye.fr\/index.php?rest_route=\/wp\/v2\/posts"}],"about":[{"href":"http:\/\/www.choye.fr\/index.php?rest_route=\/wp\/v2\/types\/post"}],"author":[{"embeddable":true,"href":"http:\/\/www.choye.fr\/index.php?rest_route=\/wp\/v2\/users\/232"}],"replies":[{"embeddable":true,"href":"http:\/\/www.choye.fr\/index.php?rest_route=%2Fwp%2Fv2%2Fcomments&post=7349"}],"version-history":[{"count":1,"href":"http:\/\/www.choye.fr\/index.php?rest_route=\/wp\/v2\/posts\/7349\/revisions"}],"predecessor-version":[{"id":7350,"href":"http:\/\/www.choye.fr\/index.php?rest_route=\/wp\/v2\/posts\/7349\/revisions\/7350"}],"wp:attachment":[{"href":"http:\/\/www.choye.fr\/index.php?rest_route=%2Fwp%2Fv2%2Fmedia&parent=7349"}],"wp:term":[{"taxonomy":"category","embeddable":true,"href":"http:\/\/www.choye.fr\/index.php?rest_route=%2Fwp%2Fv2%2Fcategories&post=7349"},{"taxonomy":"post_tag","embeddable":true,"href":"http:\/\/www.choye.fr\/index.php?rest_route=%2Fwp%2Fv2%2Ftags&post=7349"}],"curies":[{"name":"wp","href":"https:\/\/api.w.org\/{rel}","templated":true}]}}