{"id":7347,"date":"2019-07-17T18:09:47","date_gmt":"2019-07-17T17:09:47","guid":{"rendered":"http:\/\/www.choye.fr\/?p=7347"},"modified":"2019-07-17T18:09:47","modified_gmt":"2019-07-17T17:09:47","slug":"deces-14","status":"publish","type":"post","link":"http:\/\/www.choye.fr\/?p=7347","title":{"rendered":"D\u00e9c\u00e8s"},"content":{"rendered":"\n<p>Nous avons la tristesse de vous annoncer le d\u00e9c\u00e8s de Mr Christian Paillard survenu ce mercredi 17 juillet \u00e0 l&rsquo;\u00e2ge de 64 ans.<\/p>\n\n\n\n<p><strong>une c\u00e9r\u00e9monie religieuse sera c\u00e9l\u00e9br\u00e9e vendredi 19 Juillet 2019 \u00e0 14h30, en l\u2019\u00e9glise de PIN, elle sera suivie de l&rsquo;inhumation au cimeti\u00e8re de Vregille.<\/strong><\/p>\n\n\n\n<p><\/p>\n\n\n\n<p>Toutes nos condol\u00e9ances \u00e0 son \u00e9pouse Sylvie ainsi qu&rsquo;\u00e0 l&rsquo;ensemble de ses proches.<\/p>\n","protected":false},"excerpt":{"rendered":"<p>Nous avons la tristesse de vous annoncer le d\u00e9c\u00e8s de Mr Christian Paillard survenu ce mercredi 17 juillet \u00e0 l&rsquo;\u00e2ge de 64 ans. une c\u00e9r\u00e9monie religieuse sera c\u00e9l\u00e9br\u00e9e vendredi 19 Juillet 2019 \u00e0 14h30, en l\u2019\u00e9glise de PIN, elle sera &hellip; <a href=\"http:\/\/www.choye.fr\/?p=7347\">Continuer la lecture <span class=\"meta-nav\">&rarr;<\/span><\/a><\/p>\n","protected":false},"author":232,"featured_media":0,"comment_status":"closed","ping_status":"closed","sticky":false,"template":"","format":"standard","meta":{"ngg_post_thumbnail":0},"categories":[7],"tags":[],"post_mailing_queue_ids":[],"_links":{"self":[{"href":"http:\/\/www.choye.fr\/index.php?rest_route=\/wp\/v2\/posts\/7347"}],"collection":[{"href":"http:\/\/www.choye.fr\/index.php?rest_route=\/wp\/v2\/posts"}],"about":[{"href":"http:\/\/www.choye.fr\/index.php?rest_route=\/wp\/v2\/types\/post"}],"author":[{"embeddable":true,"href":"http:\/\/www.choye.fr\/index.php?rest_route=\/wp\/v2\/users\/232"}],"replies":[{"embeddable":true,"href":"http:\/\/www.choye.fr\/index.php?rest_route=%2Fwp%2Fv2%2Fcomments&post=7347"}],"version-history":[{"count":1,"href":"http:\/\/www.choye.fr\/index.php?rest_route=\/wp\/v2\/posts\/7347\/revisions"}],"predecessor-version":[{"id":7348,"href":"http:\/\/www.choye.fr\/index.php?rest_route=\/wp\/v2\/posts\/7347\/revisions\/7348"}],"wp:attachment":[{"href":"http:\/\/www.choye.fr\/index.php?rest_route=%2Fwp%2Fv2%2Fmedia&parent=7347"}],"wp:term":[{"taxonomy":"category","embeddable":true,"href":"http:\/\/www.choye.fr\/index.php?rest_route=%2Fwp%2Fv2%2Fcategories&post=7347"},{"taxonomy":"post_tag","embeddable":true,"href":"http:\/\/www.choye.fr\/index.php?rest_route=%2Fwp%2Fv2%2Ftags&post=7347"}],"curies":[{"name":"wp","href":"https:\/\/api.w.org\/{rel}","templated":true}]}}