{"id":7281,"date":"2019-06-30T13:09:12","date_gmt":"2019-06-30T12:09:12","guid":{"rendered":"http:\/\/www.choye.fr\/?p=7281"},"modified":"2019-06-30T13:09:12","modified_gmt":"2019-06-30T12:09:12","slug":"nouvelles-breves-de-la-bibliotheque","status":"publish","type":"post","link":"http:\/\/www.choye.fr\/?p=7281","title":{"rendered":"Nouvelles br\u00e8ves de la biblioth\u00e8que"},"content":{"rendered":"\n<p><strong><em>Horaires d&rsquo;\u00e9t\u00e9 <\/em><\/strong>: Pendant les vacances scolaires (du 6 juillet au 2 septembre) la biblioth\u00e8que ne sera <strong>ouverte<\/strong> que le<strong> samedi de 11h \u00e0 12h <\/strong>.<\/p>\n\n\n\n<p><strong><em>Equipe de b\u00e9n\u00e9voles<\/em><\/strong> : Depuis quelques semaines, Maryline Fassenet, sur sa demande, s&rsquo;est int\u00e9gr\u00e9e dans l&rsquo;\u00e9quipe qui se f\u00e9licite de ses comp\u00e9tences, de son s\u00e9rieux et de sa disponibilit\u00e9. De plus, elle apporte un renouveau \u00e0 la biblioth\u00e8que par sa jeunesse !<\/p>\n\n\n\n<p><strong><em>Quelques constats apr\u00e8s lecture du rapport d&rsquo;activit\u00e9s de l&rsquo;ann\u00e9e 2018<\/em><\/strong> <br>Le nombre d&#8217;emprunteurs actifs (39) est stable par rapport \u00e0 2017.<br>Il y a 11 nouveaux inscrits, dont 8 enfants. 4 usagers viennent des communes environnantes (1 de Cugney, 2 de Villefrancon, 1 de Vellemoz)<br>La fr\u00e9quentation est en augmentation : 289 entr\u00e9es contre 232 en 2017.<br>Les pr\u00eats sont en augmentation : 892 pr\u00eats contre 725 en 2017<br>                                                            403 livres adultes contre 277 en 2017 <br>                                                            489 livres enfants contre 448 en 2017 <br>Le premier semestre de l&rsquo;ann\u00e9e 2019 s&rsquo;annonce en progression \u00e9galement.<\/p>\n\n\n\n<p><strong><em>Seul point noir au tableau<\/em><\/strong>, beaucoup trop de lecteurs tardent \u00e0 rapporter leurs livres. 2 familles les ont emprunt\u00e9s en 2018, soit depuis plus de 6 mois !<\/p>\n\n\n\n<p><strong><em>Extrait du r\u00e8glement<\/em><\/strong> : Pr\u00eat gratuit (2 livres pour 15 jours)<br>                 Inscriptions ouvertes \u00e0 tous : Choyens, villages voisins, vacanciers<\/p>\n\n\n\n<p>B<strong><em>on \u00e9t\u00e9 \u00e0 tous et sus \u00e0 la biblioth\u00e8que !<\/em><\/strong><\/p>\n","protected":false},"excerpt":{"rendered":"<p>Horaires d&rsquo;\u00e9t\u00e9 : Pendant les vacances scolaires (du 6 juillet au 2 septembre) la biblioth\u00e8que ne sera ouverte que le samedi de 11h \u00e0 12h . Equipe de b\u00e9n\u00e9voles : Depuis quelques semaines, Maryline Fassenet, sur sa demande, s&rsquo;est int\u00e9gr\u00e9e &hellip; <a href=\"http:\/\/www.choye.fr\/?p=7281\">Continuer la lecture <span class=\"meta-nav\">&rarr;<\/span><\/a><\/p>\n","protected":false},"author":231,"featured_media":0,"comment_status":"closed","ping_status":"closed","sticky":false,"template":"","format":"standard","meta":{"ngg_post_thumbnail":0},"categories":[11],"tags":[],"post_mailing_queue_ids":[],"_links":{"self":[{"href":"http:\/\/www.choye.fr\/index.php?rest_route=\/wp\/v2\/posts\/7281"}],"collection":[{"href":"http:\/\/www.choye.fr\/index.php?rest_route=\/wp\/v2\/posts"}],"about":[{"href":"http:\/\/www.choye.fr\/index.php?rest_route=\/wp\/v2\/types\/post"}],"author":[{"embeddable":true,"href":"http:\/\/www.choye.fr\/index.php?rest_route=\/wp\/v2\/users\/231"}],"replies":[{"embeddable":true,"href":"http:\/\/www.choye.fr\/index.php?rest_route=%2Fwp%2Fv2%2Fcomments&post=7281"}],"version-history":[{"count":2,"href":"http:\/\/www.choye.fr\/index.php?rest_route=\/wp\/v2\/posts\/7281\/revisions"}],"predecessor-version":[{"id":7283,"href":"http:\/\/www.choye.fr\/index.php?rest_route=\/wp\/v2\/posts\/7281\/revisions\/7283"}],"wp:attachment":[{"href":"http:\/\/www.choye.fr\/index.php?rest_route=%2Fwp%2Fv2%2Fmedia&parent=7281"}],"wp:term":[{"taxonomy":"category","embeddable":true,"href":"http:\/\/www.choye.fr\/index.php?rest_route=%2Fwp%2Fv2%2Fcategories&post=7281"},{"taxonomy":"post_tag","embeddable":true,"href":"http:\/\/www.choye.fr\/index.php?rest_route=%2Fwp%2Fv2%2Ftags&post=7281"}],"curies":[{"name":"wp","href":"https:\/\/api.w.org\/{rel}","templated":true}]}}