{"id":7239,"date":"2019-06-10T20:00:41","date_gmt":"2019-06-10T19:00:41","guid":{"rendered":"http:\/\/www.choye.fr\/?p=7239"},"modified":"2019-06-10T20:02:19","modified_gmt":"2019-06-10T19:02:19","slug":"lepicerie-culturelle-tournee-en-cours","status":"publish","type":"post","link":"http:\/\/www.choye.fr\/?p=7239","title":{"rendered":"L&rsquo;\u00e9picerie culturelle&#8230;tourn\u00e9e en cours"},"content":{"rendered":"\n<p>Le camion de l&rsquo;\u00e9picerie culturelle s&rsquo;arr\u00eatera \u00e0 nouveau \u00e0 l&rsquo;\u00e9tang de Choye jeudi 13 juin \u00e0 19h (repli en mairie en cas de m\u00e9t\u00e9o capricieuse) pour un nouveau spectacle surprise, gratuit et pour tout public. <\/p>\n\n\n\n<p>Jeudi dernier, pour le premier passage du camion de l&rsquo;\u00e9picerie ambulante et culturelle, les artistes ont propos\u00e9 aux quarante spectateurs des textes d&rsquo;Andr\u00e9 Robillard mis en sc\u00e8ne avec beaucoup d&rsquo;humour, de po\u00e9sie et de r\u00eaveries!<\/p>\n\n\n\n<p>Ils l&rsquo;ont promis : ce jeudi 13 juin, le spectacle sera encore diff\u00e9rent, plein de surprises et toujours pour toute la famille!<\/p>\n\n\n\n<ul class=\"is-layout-flex wp-block-gallery-1 wp-block-gallery columns-3 is-cropped\"><li class=\"blocks-gallery-item\"><figure><img decoding=\"async\" loading=\"lazy\" width=\"1024\" height=\"768\" src=\"http:\/\/www.choye.fr\/wp-content\/uploads\/2019\/06\/epicerie-culturelle-1-site-5-1-1024x768.jpg\" alt=\"\" data-id=\"7241\" data-link=\"http:\/\/www.choye.fr\/?attachment_id=7241\" class=\"wp-image-7241\" srcset=\"http:\/\/www.choye.fr\/wp-content\/uploads\/2019\/06\/epicerie-culturelle-1-site-5-1-1024x768.jpg 1024w, http:\/\/www.choye.fr\/wp-content\/uploads\/2019\/06\/epicerie-culturelle-1-site-5-1-120x90.jpg 120w, http:\/\/www.choye.fr\/wp-content\/uploads\/2019\/06\/epicerie-culturelle-1-site-5-1-300x225.jpg 300w, http:\/\/www.choye.fr\/wp-content\/uploads\/2019\/06\/epicerie-culturelle-1-site-5-1-768x576.jpg 768w\" sizes=\"(max-width: 1024px) 100vw, 1024px\" \/><\/figure><\/li><li class=\"blocks-gallery-item\"><figure><img decoding=\"async\" loading=\"lazy\" width=\"1024\" height=\"768\" src=\"http:\/\/www.choye.fr\/wp-content\/uploads\/2019\/06\/epicerie-culturelle-1-site-6-1024x768.jpg\" alt=\"\" data-id=\"7242\" data-link=\"http:\/\/www.choye.fr\/?attachment_id=7242\" class=\"wp-image-7242\" srcset=\"http:\/\/www.choye.fr\/wp-content\/uploads\/2019\/06\/epicerie-culturelle-1-site-6-1024x768.jpg 1024w, http:\/\/www.choye.fr\/wp-content\/uploads\/2019\/06\/epicerie-culturelle-1-site-6-120x90.jpg 120w, http:\/\/www.choye.fr\/wp-content\/uploads\/2019\/06\/epicerie-culturelle-1-site-6-300x225.jpg 300w, http:\/\/www.choye.fr\/wp-content\/uploads\/2019\/06\/epicerie-culturelle-1-site-6-768x576.jpg 768w\" sizes=\"(max-width: 1024px) 100vw, 1024px\" \/><\/figure><\/li><li class=\"blocks-gallery-item\"><figure><img decoding=\"async\" loading=\"lazy\" width=\"1024\" height=\"768\" src=\"http:\/\/www.choye.fr\/wp-content\/uploads\/2019\/06\/epicerie-culturelle-1-site-7-1024x768.jpg\" alt=\"\" data-id=\"7243\" data-link=\"http:\/\/www.choye.fr\/?attachment_id=7243\" class=\"wp-image-7243\" srcset=\"http:\/\/www.choye.fr\/wp-content\/uploads\/2019\/06\/epicerie-culturelle-1-site-7-1024x768.jpg 1024w, http:\/\/www.choye.fr\/wp-content\/uploads\/2019\/06\/epicerie-culturelle-1-site-7-120x90.jpg 120w, http:\/\/www.choye.fr\/wp-content\/uploads\/2019\/06\/epicerie-culturelle-1-site-7-300x225.jpg 300w, http:\/\/www.choye.fr\/wp-content\/uploads\/2019\/06\/epicerie-culturelle-1-site-7-768x576.jpg 768w\" sizes=\"(max-width: 1024px) 100vw, 1024px\" \/><\/figure><\/li><li class=\"blocks-gallery-item\"><figure><img decoding=\"async\" loading=\"lazy\" width=\"1024\" height=\"768\" src=\"http:\/\/www.choye.fr\/wp-content\/uploads\/2019\/06\/epicerie-culturelle-1-site-8-1024x768.jpg\" alt=\"\" data-id=\"7244\" data-link=\"http:\/\/www.choye.fr\/?attachment_id=7244\" class=\"wp-image-7244\" srcset=\"http:\/\/www.choye.fr\/wp-content\/uploads\/2019\/06\/epicerie-culturelle-1-site-8-1024x768.jpg 1024w, http:\/\/www.choye.fr\/wp-content\/uploads\/2019\/06\/epicerie-culturelle-1-site-8-120x90.jpg 120w, http:\/\/www.choye.fr\/wp-content\/uploads\/2019\/06\/epicerie-culturelle-1-site-8-300x225.jpg 300w, http:\/\/www.choye.fr\/wp-content\/uploads\/2019\/06\/epicerie-culturelle-1-site-8-768x576.jpg 768w\" sizes=\"(max-width: 1024px) 100vw, 1024px\" \/><\/figure><\/li><li class=\"blocks-gallery-item\"><figure><img decoding=\"async\" loading=\"lazy\" width=\"1024\" height=\"768\" src=\"http:\/\/www.choye.fr\/wp-content\/uploads\/2019\/06\/epicerie-culturelle-1-site-9-1024x768.jpg\" alt=\"\" data-id=\"7245\" data-link=\"http:\/\/www.choye.fr\/?attachment_id=7245\" class=\"wp-image-7245\" srcset=\"http:\/\/www.choye.fr\/wp-content\/uploads\/2019\/06\/epicerie-culturelle-1-site-9-1024x768.jpg 1024w, http:\/\/www.choye.fr\/wp-content\/uploads\/2019\/06\/epicerie-culturelle-1-site-9-120x90.jpg 120w, http:\/\/www.choye.fr\/wp-content\/uploads\/2019\/06\/epicerie-culturelle-1-site-9-300x225.jpg 300w, http:\/\/www.choye.fr\/wp-content\/uploads\/2019\/06\/epicerie-culturelle-1-site-9-768x576.jpg 768w\" sizes=\"(max-width: 1024px) 100vw, 1024px\" \/><\/figure><\/li><\/ul>\n","protected":false},"excerpt":{"rendered":"<p>Le camion de l&rsquo;\u00e9picerie culturelle s&rsquo;arr\u00eatera \u00e0 nouveau \u00e0 l&rsquo;\u00e9tang de Choye jeudi 13 juin \u00e0 19h (repli en mairie en cas de m\u00e9t\u00e9o capricieuse) pour un nouveau spectacle surprise, gratuit et pour tout public. Jeudi dernier, pour le premier &hellip; <a href=\"http:\/\/www.choye.fr\/?p=7239\">Continuer la lecture <span class=\"meta-nav\">&rarr;<\/span><\/a><\/p>\n","protected":false},"author":232,"featured_media":0,"comment_status":"closed","ping_status":"closed","sticky":false,"template":"","format":"standard","meta":{"ngg_post_thumbnail":0},"categories":[7,8,11],"tags":[],"post_mailing_queue_ids":[],"_links":{"self":[{"href":"http:\/\/www.choye.fr\/index.php?rest_route=\/wp\/v2\/posts\/7239"}],"collection":[{"href":"http:\/\/www.choye.fr\/index.php?rest_route=\/wp\/v2\/posts"}],"about":[{"href":"http:\/\/www.choye.fr\/index.php?rest_route=\/wp\/v2\/types\/post"}],"author":[{"embeddable":true,"href":"http:\/\/www.choye.fr\/index.php?rest_route=\/wp\/v2\/users\/232"}],"replies":[{"embeddable":true,"href":"http:\/\/www.choye.fr\/index.php?rest_route=%2Fwp%2Fv2%2Fcomments&post=7239"}],"version-history":[{"count":2,"href":"http:\/\/www.choye.fr\/index.php?rest_route=\/wp\/v2\/posts\/7239\/revisions"}],"predecessor-version":[{"id":7247,"href":"http:\/\/www.choye.fr\/index.php?rest_route=\/wp\/v2\/posts\/7239\/revisions\/7247"}],"wp:attachment":[{"href":"http:\/\/www.choye.fr\/index.php?rest_route=%2Fwp%2Fv2%2Fmedia&parent=7239"}],"wp:term":[{"taxonomy":"category","embeddable":true,"href":"http:\/\/www.choye.fr\/index.php?rest_route=%2Fwp%2Fv2%2Fcategories&post=7239"},{"taxonomy":"post_tag","embeddable":true,"href":"http:\/\/www.choye.fr\/index.php?rest_route=%2Fwp%2Fv2%2Ftags&post=7239"}],"curies":[{"name":"wp","href":"https:\/\/api.w.org\/{rel}","templated":true}]}}