{"id":6840,"date":"2018-12-19T21:08:24","date_gmt":"2018-12-19T20:08:24","guid":{"rendered":"http:\/\/www.choye.fr\/?p=6840"},"modified":"2019-01-22T21:09:30","modified_gmt":"2019-01-22T20:09:30","slug":"joyeux-noel-a-choye","status":"publish","type":"post","link":"http:\/\/www.choye.fr\/?p=6840","title":{"rendered":"Joyeux No\u00ebl \u00e0 Choye"},"content":{"rendered":"\n<p>Dimanche 16 d\u00e9cembre, une quarantaine d&rsquo;enfants et leurs familles se sont r\u00e9unis \u00e0 la mairie pour f\u00eater No\u00ebl.<\/p>\n\n\n\n<p>Un spectacle de contes leur a \u00e9t\u00e9 propos\u00e9. La conteuse, en mime et en\n chansons, leur a fait d\u00e9couvrir des traditions de No\u00ebl d&rsquo;autres pays. \nElle \u00e9tait accompagn\u00e9e de Marcel et son accord\u00e9on. Ils composent la \nCompagnie \u00ab\u00a0La fleur qui rit\u00a0\u00bb.<\/p>\n\n\n\n<p>Les enfants ont ri, fr\u00e9mi et chant\u00e9.<\/p>\n\n\n\n<figure class=\"wp-block-image\"><a href=\"http:\/\/www.choye.fr\/wp-content\/uploads\/2018\/12\/img_1938.jpg\"><img decoding=\"async\" src=\"http:\/\/www.choye.fr\/wp-content\/uploads\/2018\/12\/img_1938-300x225.jpg\" alt=\"\" class=\"wp-image-5724\"\/><\/a><\/figure>\n\n\n\n<p>L&rsquo;arriv\u00e9e du P\u00e8re No\u00ebl, charg\u00e9 de friandises pour les enfants, a ravi petits et grands.<\/p>\n\n\n\n<figure class=\"wp-block-image\"><a href=\"http:\/\/www.choye.fr\/wp-content\/uploads\/2018\/12\/img_1944.jpg\"><img decoding=\"async\" src=\"http:\/\/www.choye.fr\/wp-content\/uploads\/2018\/12\/img_1944-300x225.jpg\" alt=\"\" class=\"wp-image-5725\"\/><\/a><\/figure>\n\n\n\n<p>L&rsquo;apr\u00e8s-midi s&rsquo;est poursuivi par un go\u00fbter tr\u00e8s convivial. Les papillotes ont eu un grand succ\u00e8s.<\/p>\n\n\n\n<p>Joyeuses f\u00eates de fin d&rsquo;ann\u00e9e \u00e0 tous !<\/p>\n","protected":false},"excerpt":{"rendered":"<p>Dimanche 16 d\u00e9cembre, une quarantaine d&rsquo;enfants et leurs familles se sont r\u00e9unis \u00e0 la mairie pour f\u00eater No\u00ebl. Un spectacle de contes leur a \u00e9t\u00e9 propos\u00e9. La conteuse, en mime et en chansons, leur a fait d\u00e9couvrir des traditions de &hellip; <a href=\"http:\/\/www.choye.fr\/?p=6840\">Continuer la lecture <span class=\"meta-nav\">&rarr;<\/span><\/a><\/p>\n","protected":false},"author":258,"featured_media":0,"comment_status":"open","ping_status":"closed","sticky":false,"template":"","format":"standard","meta":{"ngg_post_thumbnail":0},"categories":[7,11],"tags":[],"post_mailing_queue_ids":[],"_links":{"self":[{"href":"http:\/\/www.choye.fr\/index.php?rest_route=\/wp\/v2\/posts\/6840"}],"collection":[{"href":"http:\/\/www.choye.fr\/index.php?rest_route=\/wp\/v2\/posts"}],"about":[{"href":"http:\/\/www.choye.fr\/index.php?rest_route=\/wp\/v2\/types\/post"}],"author":[{"embeddable":true,"href":"http:\/\/www.choye.fr\/index.php?rest_route=\/wp\/v2\/users\/258"}],"replies":[{"embeddable":true,"href":"http:\/\/www.choye.fr\/index.php?rest_route=%2Fwp%2Fv2%2Fcomments&post=6840"}],"version-history":[{"count":1,"href":"http:\/\/www.choye.fr\/index.php?rest_route=\/wp\/v2\/posts\/6840\/revisions"}],"predecessor-version":[{"id":6841,"href":"http:\/\/www.choye.fr\/index.php?rest_route=\/wp\/v2\/posts\/6840\/revisions\/6841"}],"wp:attachment":[{"href":"http:\/\/www.choye.fr\/index.php?rest_route=%2Fwp%2Fv2%2Fmedia&parent=6840"}],"wp:term":[{"taxonomy":"category","embeddable":true,"href":"http:\/\/www.choye.fr\/index.php?rest_route=%2Fwp%2Fv2%2Fcategories&post=6840"},{"taxonomy":"post_tag","embeddable":true,"href":"http:\/\/www.choye.fr\/index.php?rest_route=%2Fwp%2Fv2%2Ftags&post=6840"}],"curies":[{"name":"wp","href":"https:\/\/api.w.org\/{rel}","templated":true}]}}