{"id":6826,"date":"2018-12-10T20:33:51","date_gmt":"2018-12-10T19:33:51","guid":{"rendered":"http:\/\/www.choye.fr\/?p=6826"},"modified":"2019-01-22T21:08:20","modified_gmt":"2019-01-22T20:08:20","slug":"repas-des-aines-2019","status":"publish","type":"post","link":"http:\/\/www.choye.fr\/?p=6826","title":{"rendered":"Repas des a\u00een\u00e9s 2019!"},"content":{"rendered":"\n<p>Le repas des a\u00een\u00e9s s&rsquo;est d\u00e9roul\u00e9 ce dimanche 9 d\u00e9cembre 2018. C&rsquo;est \ndans la salle municipale de Velloreille l\u00e8s Choye qu&rsquo;une quarantaine \nd&rsquo;anciens de Choye, Villefrancon et Velloreille l\u00e8s Choye ont pu se \nretrouver autour du traditionnel repas pr\u00e9par\u00e9 cette ann\u00e9e par le \ntraiteur \u00ab\u00a0Au Choix\u00a0\u00bb de Marnay. Au programme : mille-feuille au foie \ngras, filets de perdreaux sauce aux griottines, fromages de la r\u00e9gion et\n lingot tout chocolat!<\/p>\n\n\n\n<p>C&rsquo;est dans une ambiance conviviale que Mmes Monique Fournier et \nMarie-Madeleine Charbonnet, toutes deux membres de la nouvelle \npromotion, ont \u00e9t\u00e9 accueillis par les Maires des trois communes.<\/p>\n\n\n\n<ul class=\"is-layout-flex wp-block-gallery-1 wp-block-gallery columns-3 is-cropped\"><li class=\"blocks-gallery-item\"><figure><a href=\"http:\/\/www.choye.fr\/?attachment_id=6827\"><img decoding=\"async\" loading=\"lazy\" width=\"1024\" height=\"768\" src=\"http:\/\/www.choye.fr\/wp-content\/uploads\/2019\/01\/repas-des-aines-2019-1-1024x768.jpg\" alt=\"\" data-id=\"6827\" data-link=\"http:\/\/www.choye.fr\/?attachment_id=6827\" class=\"wp-image-6827\" srcset=\"http:\/\/www.choye.fr\/wp-content\/uploads\/2019\/01\/repas-des-aines-2019-1-1024x768.jpg 1024w, http:\/\/www.choye.fr\/wp-content\/uploads\/2019\/01\/repas-des-aines-2019-1-120x90.jpg 120w, http:\/\/www.choye.fr\/wp-content\/uploads\/2019\/01\/repas-des-aines-2019-1-300x225.jpg 300w, http:\/\/www.choye.fr\/wp-content\/uploads\/2019\/01\/repas-des-aines-2019-1-768x576.jpg 768w\" sizes=\"(max-width: 1024px) 100vw, 1024px\" \/><\/a><\/figure><\/li><li class=\"blocks-gallery-item\"><figure><a href=\"http:\/\/www.choye.fr\/?attachment_id=6828\"><img decoding=\"async\" loading=\"lazy\" width=\"1024\" height=\"768\" src=\"http:\/\/www.choye.fr\/wp-content\/uploads\/2019\/01\/repas-des-aines-2019-2-1024x768.jpg\" alt=\"\" data-id=\"6828\" data-link=\"http:\/\/www.choye.fr\/?attachment_id=6828\" class=\"wp-image-6828\" srcset=\"http:\/\/www.choye.fr\/wp-content\/uploads\/2019\/01\/repas-des-aines-2019-2-1024x768.jpg 1024w, http:\/\/www.choye.fr\/wp-content\/uploads\/2019\/01\/repas-des-aines-2019-2-120x90.jpg 120w, http:\/\/www.choye.fr\/wp-content\/uploads\/2019\/01\/repas-des-aines-2019-2-300x225.jpg 300w, http:\/\/www.choye.fr\/wp-content\/uploads\/2019\/01\/repas-des-aines-2019-2-768x576.jpg 768w\" sizes=\"(max-width: 1024px) 100vw, 1024px\" \/><\/a><\/figure><\/li><li class=\"blocks-gallery-item\"><figure><a href=\"http:\/\/www.choye.fr\/?attachment_id=6829\"><img decoding=\"async\" loading=\"lazy\" width=\"1024\" height=\"768\" src=\"http:\/\/www.choye.fr\/wp-content\/uploads\/2019\/01\/repas-des-aines-2019-3-1024x768.jpg\" alt=\"\" data-id=\"6829\" data-link=\"http:\/\/www.choye.fr\/?attachment_id=6829\" class=\"wp-image-6829\" srcset=\"http:\/\/www.choye.fr\/wp-content\/uploads\/2019\/01\/repas-des-aines-2019-3-1024x768.jpg 1024w, http:\/\/www.choye.fr\/wp-content\/uploads\/2019\/01\/repas-des-aines-2019-3-120x90.jpg 120w, http:\/\/www.choye.fr\/wp-content\/uploads\/2019\/01\/repas-des-aines-2019-3-300x225.jpg 300w, http:\/\/www.choye.fr\/wp-content\/uploads\/2019\/01\/repas-des-aines-2019-3-768x576.jpg 768w\" sizes=\"(max-width: 1024px) 100vw, 1024px\" \/><\/a><\/figure><\/li><li class=\"blocks-gallery-item\"><figure><a href=\"http:\/\/www.choye.fr\/?attachment_id=6830\"><img decoding=\"async\" loading=\"lazy\" width=\"1024\" height=\"768\" src=\"http:\/\/www.choye.fr\/wp-content\/uploads\/2019\/01\/repas-des-aines-2019-4-1024x768.jpg\" alt=\"\" data-id=\"6830\" data-link=\"http:\/\/www.choye.fr\/?attachment_id=6830\" class=\"wp-image-6830\" srcset=\"http:\/\/www.choye.fr\/wp-content\/uploads\/2019\/01\/repas-des-aines-2019-4-1024x768.jpg 1024w, http:\/\/www.choye.fr\/wp-content\/uploads\/2019\/01\/repas-des-aines-2019-4-120x90.jpg 120w, http:\/\/www.choye.fr\/wp-content\/uploads\/2019\/01\/repas-des-aines-2019-4-300x225.jpg 300w, http:\/\/www.choye.fr\/wp-content\/uploads\/2019\/01\/repas-des-aines-2019-4-768x576.jpg 768w\" sizes=\"(max-width: 1024px) 100vw, 1024px\" \/><\/a><\/figure><\/li><li class=\"blocks-gallery-item\"><figure><a href=\"http:\/\/www.choye.fr\/?attachment_id=6831\"><img decoding=\"async\" loading=\"lazy\" width=\"1024\" height=\"768\" src=\"http:\/\/www.choye.fr\/wp-content\/uploads\/2019\/01\/repas-des-aines-2019-5-1024x768.jpg\" alt=\"\" data-id=\"6831\" data-link=\"http:\/\/www.choye.fr\/?attachment_id=6831\" class=\"wp-image-6831\" srcset=\"http:\/\/www.choye.fr\/wp-content\/uploads\/2019\/01\/repas-des-aines-2019-5-1024x768.jpg 1024w, http:\/\/www.choye.fr\/wp-content\/uploads\/2019\/01\/repas-des-aines-2019-5-120x90.jpg 120w, http:\/\/www.choye.fr\/wp-content\/uploads\/2019\/01\/repas-des-aines-2019-5-300x225.jpg 300w, http:\/\/www.choye.fr\/wp-content\/uploads\/2019\/01\/repas-des-aines-2019-5-768x576.jpg 768w\" sizes=\"(max-width: 1024px) 100vw, 1024px\" \/><\/a><\/figure><\/li><li class=\"blocks-gallery-item\"><figure><a href=\"http:\/\/www.choye.fr\/?attachment_id=6832\"><img decoding=\"async\" loading=\"lazy\" width=\"1024\" height=\"768\" src=\"http:\/\/www.choye.fr\/wp-content\/uploads\/2019\/01\/repas-des-aines-2019-6-1024x768.jpg\" alt=\"\" data-id=\"6832\" data-link=\"http:\/\/www.choye.fr\/?attachment_id=6832\" class=\"wp-image-6832\" srcset=\"http:\/\/www.choye.fr\/wp-content\/uploads\/2019\/01\/repas-des-aines-2019-6-1024x768.jpg 1024w, http:\/\/www.choye.fr\/wp-content\/uploads\/2019\/01\/repas-des-aines-2019-6-120x90.jpg 120w, http:\/\/www.choye.fr\/wp-content\/uploads\/2019\/01\/repas-des-aines-2019-6-300x225.jpg 300w, http:\/\/www.choye.fr\/wp-content\/uploads\/2019\/01\/repas-des-aines-2019-6-768x576.jpg 768w\" sizes=\"(max-width: 1024px) 100vw, 1024px\" \/><\/a><\/figure><\/li><li class=\"blocks-gallery-item\"><figure><a href=\"http:\/\/www.choye.fr\/?attachment_id=6833\"><img decoding=\"async\" loading=\"lazy\" width=\"1024\" height=\"768\" src=\"http:\/\/www.choye.fr\/wp-content\/uploads\/2019\/01\/repas-des-aines-2019-7-1024x768.jpg\" alt=\"\" data-id=\"6833\" data-link=\"http:\/\/www.choye.fr\/?attachment_id=6833\" class=\"wp-image-6833\" srcset=\"http:\/\/www.choye.fr\/wp-content\/uploads\/2019\/01\/repas-des-aines-2019-7-1024x768.jpg 1024w, http:\/\/www.choye.fr\/wp-content\/uploads\/2019\/01\/repas-des-aines-2019-7-120x90.jpg 120w, http:\/\/www.choye.fr\/wp-content\/uploads\/2019\/01\/repas-des-aines-2019-7-300x225.jpg 300w, http:\/\/www.choye.fr\/wp-content\/uploads\/2019\/01\/repas-des-aines-2019-7-768x576.jpg 768w\" sizes=\"(max-width: 1024px) 100vw, 1024px\" \/><\/a><\/figure><\/li><li class=\"blocks-gallery-item\"><figure><a href=\"http:\/\/www.choye.fr\/?attachment_id=6834\"><img decoding=\"async\" loading=\"lazy\" width=\"1024\" height=\"768\" src=\"http:\/\/www.choye.fr\/wp-content\/uploads\/2019\/01\/repas-des-aines-2019-8-1024x768.jpg\" alt=\"\" data-id=\"6834\" data-link=\"http:\/\/www.choye.fr\/?attachment_id=6834\" class=\"wp-image-6834\" srcset=\"http:\/\/www.choye.fr\/wp-content\/uploads\/2019\/01\/repas-des-aines-2019-8-1024x768.jpg 1024w, http:\/\/www.choye.fr\/wp-content\/uploads\/2019\/01\/repas-des-aines-2019-8-120x90.jpg 120w, http:\/\/www.choye.fr\/wp-content\/uploads\/2019\/01\/repas-des-aines-2019-8-300x225.jpg 300w, http:\/\/www.choye.fr\/wp-content\/uploads\/2019\/01\/repas-des-aines-2019-8-768x576.jpg 768w\" sizes=\"(max-width: 1024px) 100vw, 1024px\" \/><\/a><\/figure><\/li><li class=\"blocks-gallery-item\"><figure><a href=\"http:\/\/www.choye.fr\/?attachment_id=6835\"><img decoding=\"async\" loading=\"lazy\" width=\"1024\" height=\"768\" src=\"http:\/\/www.choye.fr\/wp-content\/uploads\/2019\/01\/repas-des-aines-2019-9-1024x768.jpg\" alt=\"\" data-id=\"6835\" data-link=\"http:\/\/www.choye.fr\/?attachment_id=6835\" class=\"wp-image-6835\" srcset=\"http:\/\/www.choye.fr\/wp-content\/uploads\/2019\/01\/repas-des-aines-2019-9-1024x768.jpg 1024w, http:\/\/www.choye.fr\/wp-content\/uploads\/2019\/01\/repas-des-aines-2019-9-120x90.jpg 120w, http:\/\/www.choye.fr\/wp-content\/uploads\/2019\/01\/repas-des-aines-2019-9-300x225.jpg 300w, http:\/\/www.choye.fr\/wp-content\/uploads\/2019\/01\/repas-des-aines-2019-9-768x576.jpg 768w\" sizes=\"(max-width: 1024px) 100vw, 1024px\" \/><\/a><\/figure><\/li><li class=\"blocks-gallery-item\"><figure><a href=\"http:\/\/www.choye.fr\/?attachment_id=6836\"><img decoding=\"async\" loading=\"lazy\" width=\"1024\" height=\"768\" src=\"http:\/\/www.choye.fr\/wp-content\/uploads\/2019\/01\/repas-des-aines-2019-10-1024x768.jpg\" alt=\"\" data-id=\"6836\" data-link=\"http:\/\/www.choye.fr\/?attachment_id=6836\" class=\"wp-image-6836\" srcset=\"http:\/\/www.choye.fr\/wp-content\/uploads\/2019\/01\/repas-des-aines-2019-10-1024x768.jpg 1024w, http:\/\/www.choye.fr\/wp-content\/uploads\/2019\/01\/repas-des-aines-2019-10-120x90.jpg 120w, http:\/\/www.choye.fr\/wp-content\/uploads\/2019\/01\/repas-des-aines-2019-10-300x225.jpg 300w, http:\/\/www.choye.fr\/wp-content\/uploads\/2019\/01\/repas-des-aines-2019-10-768x576.jpg 768w\" sizes=\"(max-width: 1024px) 100vw, 1024px\" \/><\/a><\/figure><\/li><li class=\"blocks-gallery-item\"><figure><a href=\"http:\/\/www.choye.fr\/?attachment_id=6837\"><img decoding=\"async\" loading=\"lazy\" width=\"1024\" height=\"768\" src=\"http:\/\/www.choye.fr\/wp-content\/uploads\/2019\/01\/repas-des-aines-2019-11-1024x768.jpg\" alt=\"\" data-id=\"6837\" data-link=\"http:\/\/www.choye.fr\/?attachment_id=6837\" class=\"wp-image-6837\" srcset=\"http:\/\/www.choye.fr\/wp-content\/uploads\/2019\/01\/repas-des-aines-2019-11-1024x768.jpg 1024w, http:\/\/www.choye.fr\/wp-content\/uploads\/2019\/01\/repas-des-aines-2019-11-120x90.jpg 120w, http:\/\/www.choye.fr\/wp-content\/uploads\/2019\/01\/repas-des-aines-2019-11-300x225.jpg 300w, http:\/\/www.choye.fr\/wp-content\/uploads\/2019\/01\/repas-des-aines-2019-11-768x576.jpg 768w\" sizes=\"(max-width: 1024px) 100vw, 1024px\" \/><\/a><\/figure><\/li><li class=\"blocks-gallery-item\"><figure><a href=\"http:\/\/www.choye.fr\/?attachment_id=6838\"><img decoding=\"async\" loading=\"lazy\" width=\"1024\" height=\"768\" src=\"http:\/\/www.choye.fr\/wp-content\/uploads\/2019\/01\/repas-des-aines-2019-12-1024x768.jpg\" alt=\"\" data-id=\"6838\" data-link=\"http:\/\/www.choye.fr\/?attachment_id=6838\" class=\"wp-image-6838\" srcset=\"http:\/\/www.choye.fr\/wp-content\/uploads\/2019\/01\/repas-des-aines-2019-12-1024x768.jpg 1024w, http:\/\/www.choye.fr\/wp-content\/uploads\/2019\/01\/repas-des-aines-2019-12-120x90.jpg 120w, http:\/\/www.choye.fr\/wp-content\/uploads\/2019\/01\/repas-des-aines-2019-12-300x225.jpg 300w, http:\/\/www.choye.fr\/wp-content\/uploads\/2019\/01\/repas-des-aines-2019-12-768x576.jpg 768w\" sizes=\"(max-width: 1024px) 100vw, 1024px\" \/><\/a><\/figure><\/li><\/ul>\n","protected":false},"excerpt":{"rendered":"<p>Le repas des a\u00een\u00e9s s&rsquo;est d\u00e9roul\u00e9 ce dimanche 9 d\u00e9cembre 2018. C&rsquo;est dans la salle municipale de Velloreille l\u00e8s Choye qu&rsquo;une quarantaine d&rsquo;anciens de Choye, Villefrancon et Velloreille l\u00e8s Choye ont pu se retrouver autour du traditionnel repas pr\u00e9par\u00e9 cette &hellip; <a href=\"http:\/\/www.choye.fr\/?p=6826\">Continuer la lecture <span class=\"meta-nav\">&rarr;<\/span><\/a><\/p>\n","protected":false},"author":258,"featured_media":0,"comment_status":"open","ping_status":"closed","sticky":false,"template":"","format":"standard","meta":{"ngg_post_thumbnail":0},"categories":[5,7,11],"tags":[],"post_mailing_queue_ids":[],"_links":{"self":[{"href":"http:\/\/www.choye.fr\/index.php?rest_route=\/wp\/v2\/posts\/6826"}],"collection":[{"href":"http:\/\/www.choye.fr\/index.php?rest_route=\/wp\/v2\/posts"}],"about":[{"href":"http:\/\/www.choye.fr\/index.php?rest_route=\/wp\/v2\/types\/post"}],"author":[{"embeddable":true,"href":"http:\/\/www.choye.fr\/index.php?rest_route=\/wp\/v2\/users\/258"}],"replies":[{"embeddable":true,"href":"http:\/\/www.choye.fr\/index.php?rest_route=%2Fwp%2Fv2%2Fcomments&post=6826"}],"version-history":[{"count":1,"href":"http:\/\/www.choye.fr\/index.php?rest_route=\/wp\/v2\/posts\/6826\/revisions"}],"predecessor-version":[{"id":6839,"href":"http:\/\/www.choye.fr\/index.php?rest_route=\/wp\/v2\/posts\/6826\/revisions\/6839"}],"wp:attachment":[{"href":"http:\/\/www.choye.fr\/index.php?rest_route=%2Fwp%2Fv2%2Fmedia&parent=6826"}],"wp:term":[{"taxonomy":"category","embeddable":true,"href":"http:\/\/www.choye.fr\/index.php?rest_route=%2Fwp%2Fv2%2Fcategories&post=6826"},{"taxonomy":"post_tag","embeddable":true,"href":"http:\/\/www.choye.fr\/index.php?rest_route=%2Fwp%2Fv2%2Ftags&post=6826"}],"curies":[{"name":"wp","href":"https:\/\/api.w.org\/{rel}","templated":true}]}}