{"id":567,"date":"2009-01-28T11:07:58","date_gmt":"2009-01-28T10:07:58","guid":{"rendered":"http:\/\/www.choye.fr\/?p=567"},"modified":"2009-01-28T11:51:20","modified_gmt":"2009-01-28T10:51:20","slug":"deces-de-marie-antoinette-sarrazin","status":"publish","type":"post","link":"http:\/\/www.choye.fr\/?p=567","title":{"rendered":"D\u00e9c\u00e8s de Marie Antoinette Sarrazin"},"content":{"rendered":"<p class=\"MsoNormal\" style=\"margin: 0cm 0cm 10pt; text-align: justify;\"><strong>Marie Antoinette Sarrazin<\/strong> est d\u00e9c\u00e9d\u00e9e, \u00e0 l\u2019\u00e2ge de 94 ans, le 26\u00a0 janvier 2008. Professeur, artiste-peintre et \u00e9crivain.\u00a0Elle a obtenu\u00a0une licence de philosophie \u00e0 l&rsquo;Universit\u00e9 de Besan\u00e7on ainsi qu&rsquo;un 1er prix de sculpture \u00e0 l&rsquo;Ecole\u00a0des Beaux-Arts.\u00a0M\u00e8re de 5 enfants, elle a enseign\u00e9 pendant 12 ans au lyc\u00e9e Cournot \u00e0 Gray, puis \u00e0 Belfort.<!--more--><\/p>\n<p class=\"MsoNormal\" style=\"margin: 0cm 0cm 10pt; text-align: justify;\">Soci\u00e9taire du Salon des Artistes Fran\u00e7ais Ind\u00e9pendants, elle a consacr\u00e9 sa retraite \u00e0 la peinture\u00a0qui lui valu de nombreux prix.\u00a0Elle a publi\u00e9 3 livres\u00a0:\u00a0\u00ab\u00a0Le Citron Press\u00e9\u00a0\u00bb, \u00ab\u00a0Sur l\u2019imp\u00e9riale de l\u2019omnibus\u00a0\u00bb,\u00a0\u00a0\u00ab\u00a0De la peinture avant toutes choses\u00a0\u00bb. Certains\u00a0manuscrits ne sont pas encore\u00a0publi\u00e9s dont \u00ab\u00a0la tendre enfance\u00a0\u00bb\u00a0 relatant ses ann\u00e9es de petite fille \u00e0 Choye. Elle organisa des expositions, avec remises de prix, pour donner leur chance \u00e0 de jeunes peintres et sculpteurs d\u00e9butants. A 75 ans, elle passa sa th\u00e8se de philo sur le \u00ab\u00a0mysticisme au 17\u00e8me si\u00e8cle\u00a0\u00bb. Elle fut r\u00e9compens\u00e9e pour l\u2019ensemble de sa carri\u00e8re\u00a0:\u00a0M\u00e9daille d\u2019Or des Arts, Sciences et Lettres,\u00a0Commandeur de l\u2019Ordre du M\u00e9rite et du D\u00e9vouement Fran\u00e7ais. Elle \u00e9tait, par ailleurs, titulaire de\u00a0la M\u00e9daille de la Famille Fran\u00e7aise.<\/p>\n<p class=\"MsoNormal\" style=\"margin: 0cm 0cm 10pt; text-align: justify;\">En plus de sa vie professionnelle et artistique, elle \u00e9tait tr\u00e8s connue\u00a0sa fa\u00e7on de se d\u00e9placer\u00a0en\u00a0\u00ab\u00a0stop\u00a0\u00bb pour se rendre \u00e0 Gray, Besan\u00e7on\u00a0ou Gy.\u00a0A l\u2019\u00e2ge de 70 ans, elle reprit le chemin du Maroc, o\u00f9 elle allait par le train, et le d\u00e9troit de Gibraltar.\u00a0<\/p>\n<p class=\"MsoNormal\" style=\"margin: 0cm 0cm 10pt; text-align: justify;\">C&rsquo;est une figure de Choye qui dispara\u00eet.\u00a0 Condol\u00e9ances.<\/p>\n<p class=\"MsoNormal\" style=\"margin: 0cm 0cm 10pt; text-align: justify;\">\u00a0<\/p>\n","protected":false},"excerpt":{"rendered":"<p>Marie Antoinette Sarrazin est d\u00e9c\u00e9d\u00e9e, \u00e0 l\u2019\u00e2ge de 94 ans, le 26\u00a0 janvier 2008. Professeur, artiste-peintre et \u00e9crivain.\u00a0Elle a obtenu\u00a0une licence de philosophie \u00e0 l&rsquo;Universit\u00e9 de Besan\u00e7on ainsi qu&rsquo;un 1er prix de sculpture \u00e0 l&rsquo;Ecole\u00a0des Beaux-Arts.\u00a0M\u00e8re de 5 enfants, elle &hellip; <a href=\"http:\/\/www.choye.fr\/?p=567\">Continuer la lecture <span class=\"meta-nav\">&rarr;<\/span><\/a><\/p>\n","protected":false},"author":258,"featured_media":0,"comment_status":"open","ping_status":"open","sticky":false,"template":"","format":"standard","meta":{"ngg_post_thumbnail":0},"categories":[24],"tags":[],"post_mailing_queue_ids":[],"_links":{"self":[{"href":"http:\/\/www.choye.fr\/index.php?rest_route=\/wp\/v2\/posts\/567"}],"collection":[{"href":"http:\/\/www.choye.fr\/index.php?rest_route=\/wp\/v2\/posts"}],"about":[{"href":"http:\/\/www.choye.fr\/index.php?rest_route=\/wp\/v2\/types\/post"}],"author":[{"embeddable":true,"href":"http:\/\/www.choye.fr\/index.php?rest_route=\/wp\/v2\/users\/258"}],"replies":[{"embeddable":true,"href":"http:\/\/www.choye.fr\/index.php?rest_route=%2Fwp%2Fv2%2Fcomments&post=567"}],"version-history":[{"count":3,"href":"http:\/\/www.choye.fr\/index.php?rest_route=\/wp\/v2\/posts\/567\/revisions"}],"predecessor-version":[{"id":686,"href":"http:\/\/www.choye.fr\/index.php?rest_route=\/wp\/v2\/posts\/567\/revisions\/686"}],"wp:attachment":[{"href":"http:\/\/www.choye.fr\/index.php?rest_route=%2Fwp%2Fv2%2Fmedia&parent=567"}],"wp:term":[{"taxonomy":"category","embeddable":true,"href":"http:\/\/www.choye.fr\/index.php?rest_route=%2Fwp%2Fv2%2Fcategories&post=567"},{"taxonomy":"post_tag","embeddable":true,"href":"http:\/\/www.choye.fr\/index.php?rest_route=%2Fwp%2Fv2%2Ftags&post=567"}],"curies":[{"name":"wp","href":"https:\/\/api.w.org\/{rel}","templated":true}]}}