{"id":5616,"date":"2018-09-15T10:10:29","date_gmt":"2018-09-15T09:10:29","guid":{"rendered":"http:\/\/www.choye.fr\/?p=5616"},"modified":"2018-09-15T10:12:11","modified_gmt":"2018-09-15T09:12:11","slug":"cest-la-rentree-a-la-bibliotheque-aussi","status":"publish","type":"post","link":"http:\/\/www.choye.fr\/?p=5616","title":{"rendered":"C&rsquo;est la rentr\u00e9e! A la biblioth\u00e8que aussi!"},"content":{"rendered":"<p>Les b\u00e9n\u00e9voles de la biblioth\u00e8que municipale de Choye vous invitent \u00e0 reprendre le cours de vos lectures!<\/p>\n<p>Elles vous attendent chaque mercredi de 17h \u00e0 18h et chaque samedi de 11h \u00e0 12h rue du tacot pour d\u00e9couvrir de nouveaux livres. Sachez \u00e9galement, que ces horaires seront maintenus pendant les vacances de la Toussaint.<\/p>\n<p>A noter qu&rsquo;\u00e0 cette occasion, vous pourrez ramener ceux emprunt\u00e9s lors de votre derni\u00e8re visite afin que les autres usagers puissent en profiter \u00e9galement.<\/p>\n<p>En juin, notre biblioth\u00e8que \u00e9tait \u00e0 l&rsquo;honneur dans l&rsquo;est r\u00e9publicain, cliquez ci-dessous pour retrouver l&rsquo;article.<\/p>\n<p><a href=\"http:\/\/www.choye.fr\/wp-content\/uploads\/2018\/09\/article-bibliotheque-est-republicain.pdf\">article-bibliotheque-est-republicain<\/a><\/p>\n<p>Si vous souhaitez, m\u00eame ponctuellement, les soutenir en rejoignant leur \u00e9quipe, ou si vous avez des id\u00e9es, n&rsquo;h\u00e9sitez pas \u00e0 leurs en faire part.<\/p>\n","protected":false},"excerpt":{"rendered":"<p>Les b\u00e9n\u00e9voles de la biblioth\u00e8que municipale de Choye vous invitent \u00e0 reprendre le cours de vos lectures! Elles vous attendent chaque mercredi de 17h \u00e0 18h et chaque samedi de 11h \u00e0 12h rue du tacot pour d\u00e9couvrir de nouveaux &hellip; <a href=\"http:\/\/www.choye.fr\/?p=5616\">Continuer la lecture <span class=\"meta-nav\">&rarr;<\/span><\/a><\/p>\n","protected":false},"author":232,"featured_media":0,"comment_status":"open","ping_status":"closed","sticky":false,"template":"","format":"standard","meta":{"ngg_post_thumbnail":0},"categories":[7,11],"tags":[],"post_mailing_queue_ids":[],"_links":{"self":[{"href":"http:\/\/www.choye.fr\/index.php?rest_route=\/wp\/v2\/posts\/5616"}],"collection":[{"href":"http:\/\/www.choye.fr\/index.php?rest_route=\/wp\/v2\/posts"}],"about":[{"href":"http:\/\/www.choye.fr\/index.php?rest_route=\/wp\/v2\/types\/post"}],"author":[{"embeddable":true,"href":"http:\/\/www.choye.fr\/index.php?rest_route=\/wp\/v2\/users\/232"}],"replies":[{"embeddable":true,"href":"http:\/\/www.choye.fr\/index.php?rest_route=%2Fwp%2Fv2%2Fcomments&post=5616"}],"version-history":[{"count":2,"href":"http:\/\/www.choye.fr\/index.php?rest_route=\/wp\/v2\/posts\/5616\/revisions"}],"predecessor-version":[{"id":5619,"href":"http:\/\/www.choye.fr\/index.php?rest_route=\/wp\/v2\/posts\/5616\/revisions\/5619"}],"wp:attachment":[{"href":"http:\/\/www.choye.fr\/index.php?rest_route=%2Fwp%2Fv2%2Fmedia&parent=5616"}],"wp:term":[{"taxonomy":"category","embeddable":true,"href":"http:\/\/www.choye.fr\/index.php?rest_route=%2Fwp%2Fv2%2Fcategories&post=5616"},{"taxonomy":"post_tag","embeddable":true,"href":"http:\/\/www.choye.fr\/index.php?rest_route=%2Fwp%2Fv2%2Ftags&post=5616"}],"curies":[{"name":"wp","href":"https:\/\/api.w.org\/{rel}","templated":true}]}}