{"id":5599,"date":"2018-08-03T18:10:26","date_gmt":"2018-08-03T17:10:26","guid":{"rendered":"http:\/\/www.choye.fr\/?p=5599"},"modified":"2018-08-03T18:10:26","modified_gmt":"2018-08-03T17:10:26","slug":"arrete-prefectoral-limitation-provisoire-des-usages-de-leau","status":"publish","type":"post","link":"http:\/\/www.choye.fr\/?p=5599","title":{"rendered":"Arr\u00eat\u00e9 pr\u00e9fectoral limitation provisoire des usages de l&rsquo;eau!"},"content":{"rendered":"<p>Vous trouverez le dernier communiqu\u00e9 de presse concernant l&rsquo;arr\u00eat\u00e9 du vendredi 3 aout 2018 :<\/p>\n<p><a href=\"http:\/\/www.choye.fr\/wp-content\/uploads\/2018\/08\/20180803-com-presse-alerte-renforcee-secheresse.pdf\">20180803-com-presse-alerte-renforcee-secheresse<\/a><\/p>\n<p><a href=\"http:\/\/www.choye.fr\/wp-content\/uploads\/2018\/08\/ap-nc2b070-2018-08-03-004-limitation-renforcee-des-usages-de-leau.pdf\">ap-nc2b070-2018-08-03-004-limitation-renforcee-des-usages-de-leau<\/a><\/p>\n","protected":false},"excerpt":{"rendered":"<p>Vous trouverez le dernier communiqu\u00e9 de presse concernant l&rsquo;arr\u00eat\u00e9 du vendredi 3 aout 2018 : 20180803-com-presse-alerte-renforcee-secheresse ap-nc2b070-2018-08-03-004-limitation-renforcee-des-usages-de-leau<\/p>\n","protected":false},"author":232,"featured_media":0,"comment_status":"open","ping_status":"closed","sticky":false,"template":"","format":"standard","meta":{"ngg_post_thumbnail":0},"categories":[6,12],"tags":[],"post_mailing_queue_ids":[],"_links":{"self":[{"href":"http:\/\/www.choye.fr\/index.php?rest_route=\/wp\/v2\/posts\/5599"}],"collection":[{"href":"http:\/\/www.choye.fr\/index.php?rest_route=\/wp\/v2\/posts"}],"about":[{"href":"http:\/\/www.choye.fr\/index.php?rest_route=\/wp\/v2\/types\/post"}],"author":[{"embeddable":true,"href":"http:\/\/www.choye.fr\/index.php?rest_route=\/wp\/v2\/users\/232"}],"replies":[{"embeddable":true,"href":"http:\/\/www.choye.fr\/index.php?rest_route=%2Fwp%2Fv2%2Fcomments&post=5599"}],"version-history":[{"count":1,"href":"http:\/\/www.choye.fr\/index.php?rest_route=\/wp\/v2\/posts\/5599\/revisions"}],"predecessor-version":[{"id":5602,"href":"http:\/\/www.choye.fr\/index.php?rest_route=\/wp\/v2\/posts\/5599\/revisions\/5602"}],"wp:attachment":[{"href":"http:\/\/www.choye.fr\/index.php?rest_route=%2Fwp%2Fv2%2Fmedia&parent=5599"}],"wp:term":[{"taxonomy":"category","embeddable":true,"href":"http:\/\/www.choye.fr\/index.php?rest_route=%2Fwp%2Fv2%2Fcategories&post=5599"},{"taxonomy":"post_tag","embeddable":true,"href":"http:\/\/www.choye.fr\/index.php?rest_route=%2Fwp%2Fv2%2Ftags&post=5599"}],"curies":[{"name":"wp","href":"https:\/\/api.w.org\/{rel}","templated":true}]}}