{"id":5585,"date":"2018-07-24T15:23:37","date_gmt":"2018-07-24T14:23:37","guid":{"rendered":"http:\/\/www.choye.fr\/?p=5585"},"modified":"2018-07-24T15:23:37","modified_gmt":"2018-07-24T14:23:37","slug":"restriction-deau-arrete-prefectoral","status":"publish","type":"post","link":"http:\/\/www.choye.fr\/?p=5585","title":{"rendered":"restriction d&rsquo;eau &#8211; arr\u00eat\u00e9 pr\u00e9fectoral"},"content":{"rendered":"<p>Vous trouverez le courrier de la pr\u00e9fecture, ainsi que l&rsquo;arr\u00eat\u00e9 pris par Mr le Pr\u00e9fet concernant les restrictions d&rsquo;eau.<\/p>\n<p>Merci de le respecter au mieux, il en va \u00e9galement de nos r\u00e9serves d&rsquo;eau potable.<\/p>\n<p><a href=\"http:\/\/www.choye.fr\/wp-content\/uploads\/2018\/07\/communique-de-presse-secheresse.pdf\">communique-de-presse-secheresse<\/a><\/p>\n<p><a href=\"http:\/\/www.choye.fr\/wp-content\/uploads\/2018\/07\/arrete-prefectoral.pdf\">arrete-prefectoral<\/a><\/p>\n","protected":false},"excerpt":{"rendered":"<p>Vous trouverez le courrier de la pr\u00e9fecture, ainsi que l&rsquo;arr\u00eat\u00e9 pris par Mr le Pr\u00e9fet concernant les restrictions d&rsquo;eau. Merci de le respecter au mieux, il en va \u00e9galement de nos r\u00e9serves d&rsquo;eau potable. communique-de-presse-secheresse arrete-prefectoral<\/p>\n","protected":false},"author":232,"featured_media":0,"comment_status":"open","ping_status":"closed","sticky":false,"template":"","format":"standard","meta":{"ngg_post_thumbnail":0},"categories":[6,7,12],"tags":[],"post_mailing_queue_ids":[],"_links":{"self":[{"href":"http:\/\/www.choye.fr\/index.php?rest_route=\/wp\/v2\/posts\/5585"}],"collection":[{"href":"http:\/\/www.choye.fr\/index.php?rest_route=\/wp\/v2\/posts"}],"about":[{"href":"http:\/\/www.choye.fr\/index.php?rest_route=\/wp\/v2\/types\/post"}],"author":[{"embeddable":true,"href":"http:\/\/www.choye.fr\/index.php?rest_route=\/wp\/v2\/users\/232"}],"replies":[{"embeddable":true,"href":"http:\/\/www.choye.fr\/index.php?rest_route=%2Fwp%2Fv2%2Fcomments&post=5585"}],"version-history":[{"count":1,"href":"http:\/\/www.choye.fr\/index.php?rest_route=\/wp\/v2\/posts\/5585\/revisions"}],"predecessor-version":[{"id":5588,"href":"http:\/\/www.choye.fr\/index.php?rest_route=\/wp\/v2\/posts\/5585\/revisions\/5588"}],"wp:attachment":[{"href":"http:\/\/www.choye.fr\/index.php?rest_route=%2Fwp%2Fv2%2Fmedia&parent=5585"}],"wp:term":[{"taxonomy":"category","embeddable":true,"href":"http:\/\/www.choye.fr\/index.php?rest_route=%2Fwp%2Fv2%2Fcategories&post=5585"},{"taxonomy":"post_tag","embeddable":true,"href":"http:\/\/www.choye.fr\/index.php?rest_route=%2Fwp%2Fv2%2Ftags&post=5585"}],"curies":[{"name":"wp","href":"https:\/\/api.w.org\/{rel}","templated":true}]}}