{"id":5580,"date":"2018-07-21T09:40:00","date_gmt":"2018-07-21T08:40:00","guid":{"rendered":"http:\/\/www.choye.fr\/?p=5580"},"modified":"2018-07-21T09:40:00","modified_gmt":"2018-07-21T08:40:00","slug":"vide-grenier-2018","status":"publish","type":"post","link":"http:\/\/www.choye.fr\/?p=5580","title":{"rendered":"Vide grenier 2018!"},"content":{"rendered":"<p>Le dimanche 2 septembre 2018, aura lieu notre vide-grenier!<\/p>\n<p>Habitants de Choye, chacun de vous qui le souhaite pourra y trouver sa place :<\/p>\n<p>&#8211; certains d\u00e9cideront peut-\u00eatre de faire du \u00ab\u00a0vide\u00a0\u00bb chez eux et pourront s&rsquo;inscrire pour obtenir un emplacement!<\/p>\n<p>-d&rsquo;autres voudront peut-\u00eatre apporter leur participation \u00e0 l&rsquo;organisation de ce grand \u00e9v\u00e8nement communal!<\/p>\n<p>-seront bienvenus \u00e9galement ceux qui voudront simplement s&rsquo;y promener afin d&rsquo;y faire quelques affaires et peut-\u00eatre manger ou se rafra\u00eechir \u00e0 la buvette du CASC !<\/p>\n<p>Quelque soit votre choix, tous les renseignements sont ici : <a href=\"http:\/\/www.choye.fr\/wp-content\/uploads\/2018\/07\/affiche-2sept2018-v1-1.pdf\">affiche-2sept2018-v1-1<\/a><\/p>\n","protected":false},"excerpt":{"rendered":"<p>Le dimanche 2 septembre 2018, aura lieu notre vide-grenier! Habitants de Choye, chacun de vous qui le souhaite pourra y trouver sa place : &#8211; certains d\u00e9cideront peut-\u00eatre de faire du \u00ab\u00a0vide\u00a0\u00bb chez eux et pourront s&rsquo;inscrire pour obtenir un &hellip; <a href=\"http:\/\/www.choye.fr\/?p=5580\">Continuer la lecture <span class=\"meta-nav\">&rarr;<\/span><\/a><\/p>\n","protected":false},"author":232,"featured_media":0,"comment_status":"open","ping_status":"closed","sticky":false,"template":"","format":"standard","meta":{"ngg_post_thumbnail":0},"categories":[5,7,8,11],"tags":[],"post_mailing_queue_ids":[],"_links":{"self":[{"href":"http:\/\/www.choye.fr\/index.php?rest_route=\/wp\/v2\/posts\/5580"}],"collection":[{"href":"http:\/\/www.choye.fr\/index.php?rest_route=\/wp\/v2\/posts"}],"about":[{"href":"http:\/\/www.choye.fr\/index.php?rest_route=\/wp\/v2\/types\/post"}],"author":[{"embeddable":true,"href":"http:\/\/www.choye.fr\/index.php?rest_route=\/wp\/v2\/users\/232"}],"replies":[{"embeddable":true,"href":"http:\/\/www.choye.fr\/index.php?rest_route=%2Fwp%2Fv2%2Fcomments&post=5580"}],"version-history":[{"count":1,"href":"http:\/\/www.choye.fr\/index.php?rest_route=\/wp\/v2\/posts\/5580\/revisions"}],"predecessor-version":[{"id":5582,"href":"http:\/\/www.choye.fr\/index.php?rest_route=\/wp\/v2\/posts\/5580\/revisions\/5582"}],"wp:attachment":[{"href":"http:\/\/www.choye.fr\/index.php?rest_route=%2Fwp%2Fv2%2Fmedia&parent=5580"}],"wp:term":[{"taxonomy":"category","embeddable":true,"href":"http:\/\/www.choye.fr\/index.php?rest_route=%2Fwp%2Fv2%2Fcategories&post=5580"},{"taxonomy":"post_tag","embeddable":true,"href":"http:\/\/www.choye.fr\/index.php?rest_route=%2Fwp%2Fv2%2Ftags&post=5580"}],"curies":[{"name":"wp","href":"https:\/\/api.w.org\/{rel}","templated":true}]}}