{"id":556,"date":"2009-01-25T22:20:55","date_gmt":"2009-01-25T21:20:55","guid":{"rendered":"http:\/\/www.choye.fr\/?p=556"},"modified":"2009-01-26T16:34:48","modified_gmt":"2009-01-26T15:34:48","slug":"voeux-de-la-municipalite-2","status":"publish","type":"post","link":"http:\/\/www.choye.fr\/?p=556","title":{"rendered":"Voeux de la Municipalit\u00e9"},"content":{"rendered":"<p class=\"MsoNormal\" style=\"margin: 0cm 0cm 0pt; text-align: justify;\"><a href=\"http:\/\/www.choye.fr\/wp-content\/uploads\/2009\/01\/feu-de-sapins-014.jpg\"><img decoding=\"async\" loading=\"lazy\" class=\"alignleft size-thumbnail wp-image-557\" title=\"feu-de-sapins-014\" src=\"http:\/\/www.choye.fr\/wp-content\/uploads\/2009\/01\/feu-de-sapins-014-120x90.jpg\" alt=\"\" width=\"120\" height=\"90\" \/><\/a>Environ 150 personnes ont assist\u00e9 aux v\u0153ux de la municipalit\u00e9 ce samedi. <strong>Philippe Jean<\/strong>, directeur de l\u2019<strong>IMP<\/strong>, a accueilli au ch\u00e2teau la sympathique c\u00e9r\u00e9monie.\u00a0Le maire, Guy Chevanne, a remerci\u00e9 l\u2019IMP pour sa participation \u00e0 la vie du village tout au long de l\u2019ann\u00e9e, ainsi que les associations et les b\u00e9n\u00e9voles qui s\u2019investissent au quotidien dans la vie communale.<!--more--><\/p>\n<p class=\"MsoNormal\" style=\"margin: 0cm 0cm 0pt; text-align: justify;\"><span style=\"font-size: 12pt; font-family: &quot;Tahoma&quot;,&quot;sans-serif&quot;;\"> <\/span><\/p>\n<p class=\"MsoNormal\" style=\"margin: 0cm 0cm 0pt; text-align: justify;\">Cette c\u00e9r\u00e9monie a permis d\u2019accueillir les 7 nouveaux foyers qui se sont install\u00e9s \u00e0 Choye depuis l\u2019\u00e9t\u00e9 et de pr\u00e9senter les projets de la municipalit\u00e9 pour l\u2019ann\u00e9e 2009\u00a0 pour la commune ainsi que les projets conduits avec la Communaut\u00e9 de communes des Monts de Gy.<\/p>\n<p class=\"MsoNormal\" style=\"margin: 0cm 0cm 0pt; text-align: justify;\"><span style=\"font-size: 12pt; font-family: &quot;Tahoma&quot;,&quot;sans-serif&quot;;\"> <\/span><\/p>\n<p class=\"MsoNormal\" style=\"margin: 0cm 0cm 0pt; text-align: justify;\">Guy Chevanne a \u00e9galement remerci\u00e9 les correspondants de presse\u00a0: <strong>Sophie Ovigne<\/strong> pour la Presse de Gray et <strong>Marie Charbonnet<\/strong> pour l\u2019Est R\u00e9publicain, les adjoints au maire et les conseillers municipaux, les agents municipaux.\u00a0Les discussions se sont poursuivies autour d\u2019une galette fabriqu\u00e9e par <strong>Francis Roll\u00e9e<\/strong> notre boulanger.<\/p>\n","protected":false},"excerpt":{"rendered":"<p>Environ 150 personnes ont assist\u00e9 aux v\u0153ux de la municipalit\u00e9 ce samedi. Philippe Jean, directeur de l\u2019IMP, a accueilli au ch\u00e2teau la sympathique c\u00e9r\u00e9monie.\u00a0Le maire, Guy Chevanne, a remerci\u00e9 l\u2019IMP pour sa participation \u00e0 la vie du village tout au &hellip; <a href=\"http:\/\/www.choye.fr\/?p=556\">Continuer la lecture <span class=\"meta-nav\">&rarr;<\/span><\/a><\/p>\n","protected":false},"author":258,"featured_media":0,"comment_status":"open","ping_status":"open","sticky":false,"template":"","format":"standard","meta":{"ngg_post_thumbnail":0},"categories":[12],"tags":[],"post_mailing_queue_ids":[],"_links":{"self":[{"href":"http:\/\/www.choye.fr\/index.php?rest_route=\/wp\/v2\/posts\/556"}],"collection":[{"href":"http:\/\/www.choye.fr\/index.php?rest_route=\/wp\/v2\/posts"}],"about":[{"href":"http:\/\/www.choye.fr\/index.php?rest_route=\/wp\/v2\/types\/post"}],"author":[{"embeddable":true,"href":"http:\/\/www.choye.fr\/index.php?rest_route=\/wp\/v2\/users\/258"}],"replies":[{"embeddable":true,"href":"http:\/\/www.choye.fr\/index.php?rest_route=%2Fwp%2Fv2%2Fcomments&post=556"}],"version-history":[{"count":3,"href":"http:\/\/www.choye.fr\/index.php?rest_route=\/wp\/v2\/posts\/556\/revisions"}],"predecessor-version":[{"id":564,"href":"http:\/\/www.choye.fr\/index.php?rest_route=\/wp\/v2\/posts\/556\/revisions\/564"}],"wp:attachment":[{"href":"http:\/\/www.choye.fr\/index.php?rest_route=%2Fwp%2Fv2%2Fmedia&parent=556"}],"wp:term":[{"taxonomy":"category","embeddable":true,"href":"http:\/\/www.choye.fr\/index.php?rest_route=%2Fwp%2Fv2%2Fcategories&post=556"},{"taxonomy":"post_tag","embeddable":true,"href":"http:\/\/www.choye.fr\/index.php?rest_route=%2Fwp%2Fv2%2Ftags&post=556"}],"curies":[{"name":"wp","href":"https:\/\/api.w.org\/{rel}","templated":true}]}}