{"id":530,"date":"2009-01-17T18:03:11","date_gmt":"2009-01-17T17:03:11","guid":{"rendered":"http:\/\/www.choye.fr\/?p=530"},"modified":"2009-01-25T21:14:10","modified_gmt":"2009-01-25T20:14:10","slug":"bienvenue-a-lilou","status":"publish","type":"post","link":"http:\/\/www.choye.fr\/?p=530","title":{"rendered":"Bienvenue \u00e0 Lilou"},"content":{"rendered":"<p style=\"text-align: justify;\"><a href=\"http:\/\/www.choye.fr\/wp-content\/uploads\/2009\/01\/dscf10041.jpg\"><img decoding=\"async\" loading=\"lazy\" class=\"alignleft size-thumbnail wp-image-540\" title=\"dscf10041\" src=\"http:\/\/www.choye.fr\/wp-content\/uploads\/2009\/01\/dscf10041-120x90.jpg\" alt=\"\" width=\"120\" height=\"90\" \/><\/a>Lilou\u00a0est n\u00e9e le 14 janvier 2009 \u00e0\u00a0Besan\u00e7on. Elle est la fille de Charl\u00e8ne Barbe et de Ludvic Rognon, agent de fabrication\u00a0\u00e0 l&rsquo;entreprise MAGYAR \u00e0 Arc-les-Gray, qui se sont r\u00e9cemment install\u00e9s Grande rue \u00e0 Choye. Lilou\u00a0est le premier petit enfant de Muriel et Germain Barbe, et la premi\u00e8re arri\u00e8re- petite-fille de Agn\u00e8s et Gilbert Bard.<\/p>\n<p style=\"text-align: justify;\">\u00a0\u00a0\u00a0\u00a0\u00a0\u00a0\u00a0\u00a0\u00a0\u00a0\u00a0\u00a0\u00a0\u00a0\u00a0\u00a0\u00a0\u00a0\u00a0\u00a0\u00a0\u00a0\u00a0\u00a0\u00a0\u00a0\u00a0\u00a0\u00a0\u00a0\u00a0\u00a0F\u00e9licitations.<\/p>\n<div>\u00a0<\/div>\n","protected":false},"excerpt":{"rendered":"<p>Lilou\u00a0est n\u00e9e le 14 janvier 2009 \u00e0\u00a0Besan\u00e7on. Elle est la fille de Charl\u00e8ne Barbe et de Ludvic Rognon, agent de fabrication\u00a0\u00e0 l&rsquo;entreprise MAGYAR \u00e0 Arc-les-Gray, qui se sont r\u00e9cemment install\u00e9s Grande rue \u00e0 Choye. Lilou\u00a0est le premier petit enfant de &hellip; <a href=\"http:\/\/www.choye.fr\/?p=530\">Continuer la lecture <span class=\"meta-nav\">&rarr;<\/span><\/a><\/p>\n","protected":false},"author":258,"featured_media":0,"comment_status":"open","ping_status":"open","sticky":false,"template":"","format":"standard","meta":{"ngg_post_thumbnail":0},"categories":[23],"tags":[],"post_mailing_queue_ids":[],"_links":{"self":[{"href":"http:\/\/www.choye.fr\/index.php?rest_route=\/wp\/v2\/posts\/530"}],"collection":[{"href":"http:\/\/www.choye.fr\/index.php?rest_route=\/wp\/v2\/posts"}],"about":[{"href":"http:\/\/www.choye.fr\/index.php?rest_route=\/wp\/v2\/types\/post"}],"author":[{"embeddable":true,"href":"http:\/\/www.choye.fr\/index.php?rest_route=\/wp\/v2\/users\/258"}],"replies":[{"embeddable":true,"href":"http:\/\/www.choye.fr\/index.php?rest_route=%2Fwp%2Fv2%2Fcomments&post=530"}],"version-history":[{"count":5,"href":"http:\/\/www.choye.fr\/index.php?rest_route=\/wp\/v2\/posts\/530\/revisions"}],"predecessor-version":[{"id":539,"href":"http:\/\/www.choye.fr\/index.php?rest_route=\/wp\/v2\/posts\/530\/revisions\/539"}],"wp:attachment":[{"href":"http:\/\/www.choye.fr\/index.php?rest_route=%2Fwp%2Fv2%2Fmedia&parent=530"}],"wp:term":[{"taxonomy":"category","embeddable":true,"href":"http:\/\/www.choye.fr\/index.php?rest_route=%2Fwp%2Fv2%2Fcategories&post=530"},{"taxonomy":"post_tag","embeddable":true,"href":"http:\/\/www.choye.fr\/index.php?rest_route=%2Fwp%2Fv2%2Ftags&post=530"}],"curies":[{"name":"wp","href":"https:\/\/api.w.org\/{rel}","templated":true}]}}