{"id":5130,"date":"2017-07-17T20:59:52","date_gmt":"2017-07-17T19:59:52","guid":{"rendered":"http:\/\/www.choye.fr\/?p=5130"},"modified":"2017-07-17T20:59:52","modified_gmt":"2017-07-17T19:59:52","slug":"balade-matinale-en-ce-14-juillet","status":"publish","type":"post","link":"http:\/\/www.choye.fr\/?p=5130","title":{"rendered":"Balade matinale en ce 14 juillet"},"content":{"rendered":"<p style=\"left;\">En ce 14 juillet 2017, la f\u00eate nationale a \u00e9t\u00e9 l&rsquo;occasion pour\u00a035 personnes\u00a0de se retrouver pour une balade\u00a0dans le cadre de l&rsquo;animation \u00ab\u00a0Belles et rebelles\u00a0\u00bb. Elles ont ainsi pu arpenter nos jolies rues \u00e0 la d\u00e9couverte des plantes \u00ab\u00a0mals aim\u00e9es\u00a0\u00bb. S\u00e9bastien Legay, \u00e9ducateur \u00e0 l&rsquo;environnement di CPIE de Brussey a ainsi pu faire d\u00e9couvrir aux participant les secrets des coquelicots, Plantain lanc\u00e9ol\u00e9 et autres Saponaires.<br \/>\nApr\u00e8s avoir go\u00fbt\u00e9 \u00e0 certaines et en avoir transform\u00e9 d&rsquo;autres en p\u00e9tards, nul doute que le regard des petits et grands aura \u00e9volu\u00e9 vis \u00e0 vis des richesses de notre nature!<\/p>\n<p><a href=\"http:\/\/www.choye.fr\/wp-content\/uploads\/2017\/07\/20170714_095822.jpg\"><img decoding=\"async\" loading=\"lazy\" src=\"http:\/\/www.choye.fr\/wp-content\/uploads\/2017\/07\/20170714_095822-300x168.jpg\" alt=\"\" class=\"size-medium wp-image-5134 alignleft\" width=\"300\" height=\"168\" \/><\/a><a href=\"http:\/\/www.choye.fr\/wp-content\/uploads\/2017\/07\/20170714_100449.jpg\"><img decoding=\"async\" loading=\"lazy\" src=\"http:\/\/www.choye.fr\/wp-content\/uploads\/2017\/07\/20170714_100449-300x225.jpg\" alt=\"\" class=\"alignnone size-medium wp-image-5136\" width=\"300\" height=\"225\" srcset=\"http:\/\/www.choye.fr\/wp-content\/uploads\/2017\/07\/20170714_100449-300x225.jpg 300w, http:\/\/www.choye.fr\/wp-content\/uploads\/2017\/07\/20170714_100449-768x576.jpg 768w, http:\/\/www.choye.fr\/wp-content\/uploads\/2017\/07\/20170714_100449-1024x768.jpg 1024w, http:\/\/www.choye.fr\/wp-content\/uploads\/2017\/07\/20170714_100449-120x90.jpg 120w\" sizes=\"(max-width: 300px) 100vw, 300px\" \/><\/a><a href=\"http:\/\/www.choye.fr\/wp-content\/uploads\/2017\/07\/20170714_103748.jpg\"><img decoding=\"async\" loading=\"lazy\" src=\"http:\/\/www.choye.fr\/wp-content\/uploads\/2017\/07\/20170714_103748-300x225.jpg\" alt=\"\" class=\"size-medium wp-image-5135  alignleft\" width=\"300\" height=\"225\" srcset=\"http:\/\/www.choye.fr\/wp-content\/uploads\/2017\/07\/20170714_103748-300x225.jpg 300w, http:\/\/www.choye.fr\/wp-content\/uploads\/2017\/07\/20170714_103748-768x576.jpg 768w, http:\/\/www.choye.fr\/wp-content\/uploads\/2017\/07\/20170714_103748-1024x768.jpg 1024w, http:\/\/www.choye.fr\/wp-content\/uploads\/2017\/07\/20170714_103748-120x90.jpg 120w\" sizes=\"(max-width: 300px) 100vw, 300px\" \/><\/a><\/p>\n<p><a href=\"http:\/\/www.choye.fr\/wp-content\/uploads\/2017\/07\/20170714_102317.jpg\"><img decoding=\"async\" loading=\"lazy\" src=\"http:\/\/www.choye.fr\/wp-content\/uploads\/2017\/07\/20170714_102317-300x225.jpg\" alt=\"\" class=\"size-medium wp-image-5133 alignright\" width=\"300\" height=\"225\" style=\"249px;\" srcset=\"http:\/\/www.choye.fr\/wp-content\/uploads\/2017\/07\/20170714_102317-300x225.jpg 300w, http:\/\/www.choye.fr\/wp-content\/uploads\/2017\/07\/20170714_102317-768x576.jpg 768w, http:\/\/www.choye.fr\/wp-content\/uploads\/2017\/07\/20170714_102317-1024x768.jpg 1024w, http:\/\/www.choye.fr\/wp-content\/uploads\/2017\/07\/20170714_102317-120x90.jpg 120w\" sizes=\"(max-width: 300px) 100vw, 300px\" \/><\/a><br \/>\n<a href=\"http:\/\/www.choye.fr\/wp-content\/uploads\/2017\/07\/20170714_1100391.jpg\"><\/a><a href=\"http:\/\/www.choye.fr\/wp-content\/uploads\/2017\/07\/20170714_110039.jpg\"><\/a><\/p>\n","protected":false},"excerpt":{"rendered":"<p>En ce 14 juillet 2017, la f\u00eate nationale a \u00e9t\u00e9 l&rsquo;occasion pour\u00a035 personnes\u00a0de se retrouver pour une balade\u00a0dans le cadre de l&rsquo;animation \u00ab\u00a0Belles et rebelles\u00a0\u00bb. Elles ont ainsi pu arpenter nos jolies rues \u00e0 la d\u00e9couverte des plantes \u00ab\u00a0mals aim\u00e9es\u00a0\u00bb. &hellip; <a href=\"http:\/\/www.choye.fr\/?p=5130\">Continuer la lecture <span class=\"meta-nav\">&rarr;<\/span><\/a><\/p>\n","protected":false},"author":232,"featured_media":0,"comment_status":"open","ping_status":"closed","sticky":false,"template":"","format":"standard","meta":{"ngg_post_thumbnail":0},"categories":[6,8,11],"tags":[],"post_mailing_queue_ids":[],"_links":{"self":[{"href":"http:\/\/www.choye.fr\/index.php?rest_route=\/wp\/v2\/posts\/5130"}],"collection":[{"href":"http:\/\/www.choye.fr\/index.php?rest_route=\/wp\/v2\/posts"}],"about":[{"href":"http:\/\/www.choye.fr\/index.php?rest_route=\/wp\/v2\/types\/post"}],"author":[{"embeddable":true,"href":"http:\/\/www.choye.fr\/index.php?rest_route=\/wp\/v2\/users\/232"}],"replies":[{"embeddable":true,"href":"http:\/\/www.choye.fr\/index.php?rest_route=%2Fwp%2Fv2%2Fcomments&post=5130"}],"version-history":[{"count":1,"href":"http:\/\/www.choye.fr\/index.php?rest_route=\/wp\/v2\/posts\/5130\/revisions"}],"predecessor-version":[{"id":5137,"href":"http:\/\/www.choye.fr\/index.php?rest_route=\/wp\/v2\/posts\/5130\/revisions\/5137"}],"wp:attachment":[{"href":"http:\/\/www.choye.fr\/index.php?rest_route=%2Fwp%2Fv2%2Fmedia&parent=5130"}],"wp:term":[{"taxonomy":"category","embeddable":true,"href":"http:\/\/www.choye.fr\/index.php?rest_route=%2Fwp%2Fv2%2Fcategories&post=5130"},{"taxonomy":"post_tag","embeddable":true,"href":"http:\/\/www.choye.fr\/index.php?rest_route=%2Fwp%2Fv2%2Ftags&post=5130"}],"curies":[{"name":"wp","href":"https:\/\/api.w.org\/{rel}","templated":true}]}}