{"id":488,"date":"2009-01-10T16:09:03","date_gmt":"2009-01-10T15:09:03","guid":{"rendered":"http:\/\/www.choye.fr\/?p=488"},"modified":"2009-01-10T16:10:01","modified_gmt":"2009-01-10T15:10:01","slug":"488","status":"publish","type":"post","link":"http:\/\/www.choye.fr\/?p=488","title":{"rendered":"D\u00e9c\u00e8s de Laure Eudor\u00e7ait"},"content":{"rendered":"<p style=\"text-align: justify;\"><a href=\"http:\/\/www.choye.fr\/wp-content\/uploads\/2009\/01\/eudorcait-laure.jpg\"><img decoding=\"async\" loading=\"lazy\" class=\"alignleft size-thumbnail wp-image-489\" title=\"eudorcait-laure\" src=\"http:\/\/www.choye.fr\/wp-content\/uploads\/2009\/01\/eudorcait-laure-120x90.jpg\" alt=\"\" width=\"120\" height=\"90\" \/><\/a>Laure Eudor\u00e7ait \u00e9tait n\u00e9e \u00e0 Gray le 25 juin 1923, de Mr et Mme Gaconnet Henri, originaires de Choye. Elle a travaill\u00e9 au centre d\u2019apprentissage de Gray (actuellement Lyc\u00e9e Fertet). L\u00e0, elle a rencontr\u00e9 Georges Eudor\u00e7ait, qui \u00e9tait venu de Martinique, avec l\u2019arm\u00e9e am\u00e9ricaine.Laure et Georges se mari\u00e8rent en 1948. Ils eurent 4 enfants , Alain, Josiane, Nelly et Gilles, qui leur donn\u00e8rent 7 petits-enfants et 6 arri\u00e8re-petits-enfants.<\/p>\n<p style=\"text-align: justify;\">En 1978, ils eurent la grande douleur de perdre leur fils Gilles, \u00e2g\u00e9 de 18 ans, dans un accident de la route qui endeuilla plusieurs familles de Choye et des environs. Laure et son mari particip\u00e8rent aux activit\u00e9s du village et profit\u00e8rent de la retraite pour faire des s\u00e9jours ensoleill\u00e9s dans la famille martiniquaise. Georges devint handicap\u00e9, et Laure s\u2019en occupa jusqu\u2019\u00e0 sa mort, le 31 janvier 2008. La sant\u00e9 de Laure, fragilis\u00e9e par ce d\u00e9c\u00e8s,se d\u00e9grada peu \u00e0 peu, sans laisser pr\u00e9voir , toutefois , une disparition si rapide.<\/p>\n<p style=\"text-align: justify;\">Nos sinc\u00e8res condol\u00e9ances.<\/p>\n","protected":false},"excerpt":{"rendered":"<p>Laure Eudor\u00e7ait \u00e9tait n\u00e9e \u00e0 Gray le 25 juin 1923, de Mr et Mme Gaconnet Henri, originaires de Choye. Elle a travaill\u00e9 au centre d\u2019apprentissage de Gray (actuellement Lyc\u00e9e Fertet). L\u00e0, elle a rencontr\u00e9 Georges Eudor\u00e7ait, qui \u00e9tait venu de &hellip; <a href=\"http:\/\/www.choye.fr\/?p=488\">Continuer la lecture <span class=\"meta-nav\">&rarr;<\/span><\/a><\/p>\n","protected":false},"author":258,"featured_media":0,"comment_status":"open","ping_status":"open","sticky":false,"template":"","format":"standard","meta":{"ngg_post_thumbnail":0},"categories":[24],"tags":[],"post_mailing_queue_ids":[],"_links":{"self":[{"href":"http:\/\/www.choye.fr\/index.php?rest_route=\/wp\/v2\/posts\/488"}],"collection":[{"href":"http:\/\/www.choye.fr\/index.php?rest_route=\/wp\/v2\/posts"}],"about":[{"href":"http:\/\/www.choye.fr\/index.php?rest_route=\/wp\/v2\/types\/post"}],"author":[{"embeddable":true,"href":"http:\/\/www.choye.fr\/index.php?rest_route=\/wp\/v2\/users\/258"}],"replies":[{"embeddable":true,"href":"http:\/\/www.choye.fr\/index.php?rest_route=%2Fwp%2Fv2%2Fcomments&post=488"}],"version-history":[{"count":3,"href":"http:\/\/www.choye.fr\/index.php?rest_route=\/wp\/v2\/posts\/488\/revisions"}],"predecessor-version":[{"id":492,"href":"http:\/\/www.choye.fr\/index.php?rest_route=\/wp\/v2\/posts\/488\/revisions\/492"}],"wp:attachment":[{"href":"http:\/\/www.choye.fr\/index.php?rest_route=%2Fwp%2Fv2%2Fmedia&parent=488"}],"wp:term":[{"taxonomy":"category","embeddable":true,"href":"http:\/\/www.choye.fr\/index.php?rest_route=%2Fwp%2Fv2%2Fcategories&post=488"},{"taxonomy":"post_tag","embeddable":true,"href":"http:\/\/www.choye.fr\/index.php?rest_route=%2Fwp%2Fv2%2Ftags&post=488"}],"curies":[{"name":"wp","href":"https:\/\/api.w.org\/{rel}","templated":true}]}}