{"id":468,"date":"2009-01-07T00:00:31","date_gmt":"2009-01-06T23:00:31","guid":{"rendered":"http:\/\/www.choye.fr\/?p=468"},"modified":"2009-01-10T23:42:47","modified_gmt":"2009-01-10T22:42:47","slug":"developpement-economique","status":"publish","type":"post","link":"http:\/\/www.choye.fr\/?p=468","title":{"rendered":"D\u00e9veloppement \u00e9conomique"},"content":{"rendered":"<p class=\"MsoNormal\" style=\"margin: 0cm 0cm 0pt; line-height: normal; text-align: justify; mso-layout-grid-align: none;\">\n<div class=\"MsoNormal\" style=\"margin: 0cm 0cm 0pt; line-height: normal; text-align: justify; mso-layout-grid-align: none;\"><span style=\"font-size: 12pt; color: #000000; font-family: &quot;Tahoma&quot;,&quot;sans-serif&quot;;\"><a href=\"http:\/\/www.choye.fr\/wp-content\/uploads\/2009\/01\/hotel-dentreprise-200812-001.jpg\"><img decoding=\"async\" loading=\"lazy\" class=\"alignleft size-medium wp-image-469\" src=\"http:\/\/www.choye.fr\/wp-content\/uploads\/2009\/01\/hotel-dentreprise-200812-001-300x225.jpg\" alt=\"\" width=\"147\" height=\"112\" \/><\/a><\/span>Action 70, soci\u00e9t\u00e9 d\u2019\u00e9conomie mixte d\u00e9di\u00e9e \u00e0 l\u2019\u00e9conomie en Haute-Sa\u00f4ne, construit actuellement un h\u00f4tel d\u2019entreprises sur la zone d\u2019activit\u00e9s \u00ab\u00a0Les Graverots\u00a0\u00bb \u00e0 Gy.Il s\u2019agit d\u2019offrir aux entreprises artisanales la possibilit\u00e9 de louer des locaux \u00e0 des prix attractifs afin de d\u00e9marrer une activit\u00e9 dans de bonnes conditions. D\u2019une surface de 600 m\u00b2, cet h\u00f4tel d\u2019entreprises sera compos\u00e9 de 4 espaces individuels comprenant une surface d\u2019atelier et une surface de bureau.\u00a0<\/div>\n<div>Le tarif locatif mensuel est fix\u00e9 \u00e0 2,66 \u20ac\/m\u00b2. Ce nouvel \u00e9quipement est financ\u00e9 par le Conseil g\u00e9n\u00e9ral de la Haute-Sa\u00f4ne pour le b\u00e2timent et par la Communaut\u00e9 de communes des Monts de Gy et l\u2019Etat pour la mise \u00e0 disposition du terrain et l\u2019am\u00e9nagement de la plateforme.<\/div>\n<div>Contact\u00a0: Action 70 &#8211; 03 84 97 15 98 \u2013 <a href=\"mailto:mdaveze@action70.fr\">mdaveze@action70.fr<\/a><\/div>\n","protected":false},"excerpt":{"rendered":"<p>Action 70, soci\u00e9t\u00e9 d\u2019\u00e9conomie mixte d\u00e9di\u00e9e \u00e0 l\u2019\u00e9conomie en Haute-Sa\u00f4ne, construit actuellement un h\u00f4tel d\u2019entreprises sur la zone d\u2019activit\u00e9s \u00ab\u00a0Les Graverots\u00a0\u00bb \u00e0 Gy.Il s\u2019agit d\u2019offrir aux entreprises artisanales la possibilit\u00e9 de louer des locaux \u00e0 des prix attractifs afin de &hellip; <a href=\"http:\/\/www.choye.fr\/?p=468\">Continuer la lecture <span class=\"meta-nav\">&rarr;<\/span><\/a><\/p>\n","protected":false},"author":258,"featured_media":0,"comment_status":"open","ping_status":"open","sticky":false,"template":"","format":"standard","meta":{"ngg_post_thumbnail":0},"categories":[22,25],"tags":[],"post_mailing_queue_ids":[],"_links":{"self":[{"href":"http:\/\/www.choye.fr\/index.php?rest_route=\/wp\/v2\/posts\/468"}],"collection":[{"href":"http:\/\/www.choye.fr\/index.php?rest_route=\/wp\/v2\/posts"}],"about":[{"href":"http:\/\/www.choye.fr\/index.php?rest_route=\/wp\/v2\/types\/post"}],"author":[{"embeddable":true,"href":"http:\/\/www.choye.fr\/index.php?rest_route=\/wp\/v2\/users\/258"}],"replies":[{"embeddable":true,"href":"http:\/\/www.choye.fr\/index.php?rest_route=%2Fwp%2Fv2%2Fcomments&post=468"}],"version-history":[{"count":8,"href":"http:\/\/www.choye.fr\/index.php?rest_route=\/wp\/v2\/posts\/468\/revisions"}],"predecessor-version":[{"id":516,"href":"http:\/\/www.choye.fr\/index.php?rest_route=\/wp\/v2\/posts\/468\/revisions\/516"}],"wp:attachment":[{"href":"http:\/\/www.choye.fr\/index.php?rest_route=%2Fwp%2Fv2%2Fmedia&parent=468"}],"wp:term":[{"taxonomy":"category","embeddable":true,"href":"http:\/\/www.choye.fr\/index.php?rest_route=%2Fwp%2Fv2%2Fcategories&post=468"},{"taxonomy":"post_tag","embeddable":true,"href":"http:\/\/www.choye.fr\/index.php?rest_route=%2Fwp%2Fv2%2Ftags&post=468"}],"curies":[{"name":"wp","href":"https:\/\/api.w.org\/{rel}","templated":true}]}}