{"id":453,"date":"2009-01-25T21:30:26","date_gmt":"2009-01-25T20:30:26","guid":{"rendered":"http:\/\/www.choye.fr\/?p=453"},"modified":"2009-02-21T12:26:23","modified_gmt":"2009-02-21T11:26:23","slug":"vieux-sapins","status":"publish","type":"post","link":"http:\/\/www.choye.fr\/?p=453","title":{"rendered":"Au revoir No\u00ebl"},"content":{"rendered":"<p><a href=\"http:\/\/www.choye.fr\/wp-content\/uploads\/2009\/01\/feu-sapins-240109-001.jpg\"><img decoding=\"async\" loading=\"lazy\" class=\"alignleft size-thumbnail wp-image-552\" title=\"feu-sapins-240109-001\" src=\"http:\/\/www.choye.fr\/wp-content\/uploads\/2009\/01\/feu-sapins-240109-001-120x90.jpg\" alt=\"\" width=\"120\" height=\"90\" srcset=\"http:\/\/www.choye.fr\/wp-content\/uploads\/2009\/01\/feu-sapins-240109-001-120x90.jpg 120w, http:\/\/www.choye.fr\/wp-content\/uploads\/2009\/01\/feu-sapins-240109-001-300x225.jpg 300w, http:\/\/www.choye.fr\/wp-content\/uploads\/2009\/01\/feu-sapins-240109-001.jpg 448w\" sizes=\"(max-width: 120px) 100vw, 120px\" \/><\/a>Tous les sapins apport\u00e9s par les habitants, ajout\u00e9s \u00e0 ceux qui composaient le d\u00e9cor de No\u00ebl sur la place de Coligny, ont \u00e9t\u00e9 br\u00fbl\u00e9s ce samedi dans un grand feu de joie pour la nouvelle ann\u00e9e. C&rsquo;est Jo\u00ebl, arm\u00e9 de sa fourche, qui a r\u00e9ussi \u00e0 ma\u00eetriser le brasier jusqu&rsquo;\u00e0 ce qu&rsquo;il ne reste qu&rsquo;un petit tas de cendres.<\/p>\n","protected":false},"excerpt":{"rendered":"<p>Tous les sapins apport\u00e9s par les habitants, ajout\u00e9s \u00e0 ceux qui composaient le d\u00e9cor de No\u00ebl sur la place de Coligny, ont \u00e9t\u00e9 br\u00fbl\u00e9s ce samedi dans un grand feu de joie pour la nouvelle ann\u00e9e. C&rsquo;est Jo\u00ebl, arm\u00e9 de &hellip; <a href=\"http:\/\/www.choye.fr\/?p=453\">Continuer la lecture <span class=\"meta-nav\">&rarr;<\/span><\/a><\/p>\n","protected":false},"author":258,"featured_media":0,"comment_status":"open","ping_status":"open","sticky":false,"template":"","format":"standard","meta":{"ngg_post_thumbnail":0},"categories":[8],"tags":[],"post_mailing_queue_ids":[],"_links":{"self":[{"href":"http:\/\/www.choye.fr\/index.php?rest_route=\/wp\/v2\/posts\/453"}],"collection":[{"href":"http:\/\/www.choye.fr\/index.php?rest_route=\/wp\/v2\/posts"}],"about":[{"href":"http:\/\/www.choye.fr\/index.php?rest_route=\/wp\/v2\/types\/post"}],"author":[{"embeddable":true,"href":"http:\/\/www.choye.fr\/index.php?rest_route=\/wp\/v2\/users\/258"}],"replies":[{"embeddable":true,"href":"http:\/\/www.choye.fr\/index.php?rest_route=%2Fwp%2Fv2%2Fcomments&post=453"}],"version-history":[{"count":10,"href":"http:\/\/www.choye.fr\/index.php?rest_route=\/wp\/v2\/posts\/453\/revisions"}],"predecessor-version":[{"id":460,"href":"http:\/\/www.choye.fr\/index.php?rest_route=\/wp\/v2\/posts\/453\/revisions\/460"}],"wp:attachment":[{"href":"http:\/\/www.choye.fr\/index.php?rest_route=%2Fwp%2Fv2%2Fmedia&parent=453"}],"wp:term":[{"taxonomy":"category","embeddable":true,"href":"http:\/\/www.choye.fr\/index.php?rest_route=%2Fwp%2Fv2%2Fcategories&post=453"},{"taxonomy":"post_tag","embeddable":true,"href":"http:\/\/www.choye.fr\/index.php?rest_route=%2Fwp%2Fv2%2Ftags&post=453"}],"curies":[{"name":"wp","href":"https:\/\/api.w.org\/{rel}","templated":true}]}}