{"id":4298,"date":"2015-01-26T17:25:28","date_gmt":"2015-01-26T16:25:28","guid":{"rendered":"http:\/\/www.choye.fr\/?p=4298"},"modified":"2015-02-01T17:32:08","modified_gmt":"2015-02-01T16:32:08","slug":"demontage-des-decorations-de-noel-2","status":"publish","type":"post","link":"http:\/\/www.choye.fr\/?p=4298","title":{"rendered":"D\u00e9montage des d\u00e9corations de No\u00ebl"},"content":{"rendered":"<p><a href=\"http:\/\/www.choye.fr\/wp-content\/uploads\/2015\/02\/wp_20141207_003.jpg\"><img decoding=\"async\" loading=\"lazy\" class=\"alignleft size-thumbnail wp-image-4299\" title=\"wp_20141207_003\" src=\"http:\/\/www.choye.fr\/wp-content\/uploads\/2015\/02\/wp_20141207_003-120x90.jpg\" alt=\"\" width=\"120\" height=\"90\" \/><\/a>Un grand merci \u00e0 tous les b\u00e9n\u00e9voles qui ont particip\u00e9 cette ann\u00e9e encore au d\u00e9montage des d\u00e9corations de la place de Coligny !<\/p>\n","protected":false},"excerpt":{"rendered":"<p>Un grand merci \u00e0 tous les b\u00e9n\u00e9voles qui ont particip\u00e9 cette ann\u00e9e encore au d\u00e9montage des d\u00e9corations de la place de Coligny !<\/p>\n","protected":false},"author":258,"featured_media":0,"comment_status":"open","ping_status":"closed","sticky":false,"template":"","format":"standard","meta":{"ngg_post_thumbnail":0},"categories":[11],"tags":[],"post_mailing_queue_ids":[],"_links":{"self":[{"href":"http:\/\/www.choye.fr\/index.php?rest_route=\/wp\/v2\/posts\/4298"}],"collection":[{"href":"http:\/\/www.choye.fr\/index.php?rest_route=\/wp\/v2\/posts"}],"about":[{"href":"http:\/\/www.choye.fr\/index.php?rest_route=\/wp\/v2\/types\/post"}],"author":[{"embeddable":true,"href":"http:\/\/www.choye.fr\/index.php?rest_route=\/wp\/v2\/users\/258"}],"replies":[{"embeddable":true,"href":"http:\/\/www.choye.fr\/index.php?rest_route=%2Fwp%2Fv2%2Fcomments&post=4298"}],"version-history":[{"count":1,"href":"http:\/\/www.choye.fr\/index.php?rest_route=\/wp\/v2\/posts\/4298\/revisions"}],"predecessor-version":[{"id":4300,"href":"http:\/\/www.choye.fr\/index.php?rest_route=\/wp\/v2\/posts\/4298\/revisions\/4300"}],"wp:attachment":[{"href":"http:\/\/www.choye.fr\/index.php?rest_route=%2Fwp%2Fv2%2Fmedia&parent=4298"}],"wp:term":[{"taxonomy":"category","embeddable":true,"href":"http:\/\/www.choye.fr\/index.php?rest_route=%2Fwp%2Fv2%2Fcategories&post=4298"},{"taxonomy":"post_tag","embeddable":true,"href":"http:\/\/www.choye.fr\/index.php?rest_route=%2Fwp%2Fv2%2Ftags&post=4298"}],"curies":[{"name":"wp","href":"https:\/\/api.w.org\/{rel}","templated":true}]}}