{"id":4267,"date":"2014-11-24T10:43:37","date_gmt":"2014-11-24T09:43:37","guid":{"rendered":"http:\/\/www.choye.fr\/?p=4267"},"modified":"2014-11-24T17:24:55","modified_gmt":"2014-11-24T16:24:55","slug":"vente-de-bois","status":"publish","type":"post","link":"http:\/\/www.choye.fr\/?p=4267","title":{"rendered":"Vente de bois"},"content":{"rendered":"<p><a href=\"http:\/\/www.choye.fr\/wp-content\/uploads\/2012\/06\/foret-120x90.jpg\"><img decoding=\"async\" loading=\"lazy\" class=\"alignleft size-thumbnail wp-image-3162\" title=\"foret-120x90\" src=\"http:\/\/www.choye.fr\/wp-content\/uploads\/2012\/06\/foret-120x90.jpg\" alt=\"\" width=\"120\" height=\"90\" \/><\/a>Commune de Choye<br \/>\nvente de 11 lots de bois (parcelle 2)<br \/>\n<strong><span style=\"color: #ff6600;\">r\u00e9serv\u00e9s aux habitants de Choye <\/span><\/strong><\/p>\n<p><strong>Le samedi 13 d\u00e9cembre 2014 \u00e0 11 heures, salle de la mairie <\/strong><\/p>\n<p><strong>Produits \u00e0 exploiter :<\/strong><br \/>\n&gt; jeunes ch\u00eanes \u00e0 \u00e9claircir<br \/>\n&gt; couper toutes les tiges marqu\u00e9es d&rsquo;un coup de griffe<\/p>\n<p>Les lots sont d\u00e9limit\u00e9s par les cloisonnements et num\u00e9rot\u00e9s \u00e0 la peinture.<\/p>\n<p><strong>D\u00e9lais :<\/strong><br \/>\n&gt; abattage : 15 avril 2015<br \/>\n&gt; d\u00e9bardage : 30 septembre 2015<\/p>\n","protected":false},"excerpt":{"rendered":"<p>Commune de Choye vente de 11 lots de bois (parcelle 2) r\u00e9serv\u00e9s aux habitants de Choye Le samedi 13 d\u00e9cembre 2014 \u00e0 11 heures, salle de la mairie Produits \u00e0 exploiter : &gt; jeunes ch\u00eanes \u00e0 \u00e9claircir &gt; couper toutes &hellip; <a href=\"http:\/\/www.choye.fr\/?p=4267\">Continuer la lecture <span class=\"meta-nav\">&rarr;<\/span><\/a><\/p>\n","protected":false},"author":258,"featured_media":0,"comment_status":"open","ping_status":"closed","sticky":false,"template":"","format":"standard","meta":{"ngg_post_thumbnail":0},"categories":[3,6,7],"tags":[],"post_mailing_queue_ids":[],"_links":{"self":[{"href":"http:\/\/www.choye.fr\/index.php?rest_route=\/wp\/v2\/posts\/4267"}],"collection":[{"href":"http:\/\/www.choye.fr\/index.php?rest_route=\/wp\/v2\/posts"}],"about":[{"href":"http:\/\/www.choye.fr\/index.php?rest_route=\/wp\/v2\/types\/post"}],"author":[{"embeddable":true,"href":"http:\/\/www.choye.fr\/index.php?rest_route=\/wp\/v2\/users\/258"}],"replies":[{"embeddable":true,"href":"http:\/\/www.choye.fr\/index.php?rest_route=%2Fwp%2Fv2%2Fcomments&post=4267"}],"version-history":[{"count":4,"href":"http:\/\/www.choye.fr\/index.php?rest_route=\/wp\/v2\/posts\/4267\/revisions"}],"predecessor-version":[{"id":4270,"href":"http:\/\/www.choye.fr\/index.php?rest_route=\/wp\/v2\/posts\/4267\/revisions\/4270"}],"wp:attachment":[{"href":"http:\/\/www.choye.fr\/index.php?rest_route=%2Fwp%2Fv2%2Fmedia&parent=4267"}],"wp:term":[{"taxonomy":"category","embeddable":true,"href":"http:\/\/www.choye.fr\/index.php?rest_route=%2Fwp%2Fv2%2Fcategories&post=4267"},{"taxonomy":"post_tag","embeddable":true,"href":"http:\/\/www.choye.fr\/index.php?rest_route=%2Fwp%2Fv2%2Ftags&post=4267"}],"curies":[{"name":"wp","href":"https:\/\/api.w.org\/{rel}","templated":true}]}}