{"id":4236,"date":"2014-09-29T19:28:53","date_gmt":"2014-09-29T18:28:53","guid":{"rendered":"http:\/\/www.choye.fr\/?p=4236"},"modified":"2014-09-29T19:28:53","modified_gmt":"2014-09-29T18:28:53","slug":"marche-automnale","status":"publish","type":"post","link":"http:\/\/www.choye.fr\/?p=4236","title":{"rendered":"Marche automnale"},"content":{"rendered":"<p><a href=\"http:\/\/www.choye.fr\/wp-content\/uploads\/2014\/09\/marcheautomnale.jpg\"><img decoding=\"async\" loading=\"lazy\" class=\"alignleft size-medium wp-image-4237\" title=\"marcheautomnale\" src=\"http:\/\/www.choye.fr\/wp-content\/uploads\/2014\/09\/marcheautomnale-300x225.jpg\" alt=\"\" width=\"300\" height=\"225\" srcset=\"http:\/\/www.choye.fr\/wp-content\/uploads\/2014\/09\/marcheautomnale-300x225.jpg 300w, http:\/\/www.choye.fr\/wp-content\/uploads\/2014\/09\/marcheautomnale-768x576.jpg 768w, http:\/\/www.choye.fr\/wp-content\/uploads\/2014\/09\/marcheautomnale-1024x768.jpg 1024w, http:\/\/www.choye.fr\/wp-content\/uploads\/2014\/09\/marcheautomnale-120x90.jpg 120w, http:\/\/www.choye.fr\/wp-content\/uploads\/2014\/09\/marcheautomnale.jpg 1200w\" sizes=\"(max-width: 300px) 100vw, 300px\" \/><\/a>Dimanche 28 septembre avait lieu la <strong>marche automnale<\/strong> organis\u00e9e par le Casc.<br \/>\nPetit rappel: marche de 14km au d\u00e9part de Lieucourt, pause pique-nique \u00e0 la ferme de Gomerey, puis retour \u00e0 Choye vers 16h.<br \/>\nArriv\u00e9e \u00e0 l&rsquo;\u00e9tang, o\u00f9 un comit\u00e9 d&rsquo;accueil et un gouter offert par l&rsquo;association \u00ab\u00a0Choye, animation , sport et culture\u00a0\u00bb attendaient les marcheurs.<\/p>\n<p>Plusieurs options \u00e9taient envisageables pour les marcheurs: marche \u00e0 la journ\u00e9e ou \u00e0 la demi journ\u00e9e(matin ou apr\u00e8s midi), pour permettre au plus grand nombre de participer ( famille avec enfants)&#8230;<\/p>\n<p>En r\u00e9sum\u00e9, une bonne et agr\u00e9able journ\u00e9e ensoleill\u00e9e pour une quarantaine de marcheurs petits et grands.<\/p>\n","protected":false},"excerpt":{"rendered":"<p>Dimanche 28 septembre avait lieu la marche automnale organis\u00e9e par le Casc. Petit rappel: marche de 14km au d\u00e9part de Lieucourt, pause pique-nique \u00e0 la ferme de Gomerey, puis retour \u00e0 Choye vers 16h. Arriv\u00e9e \u00e0 l&rsquo;\u00e9tang, o\u00f9 un comit\u00e9 &hellip; <a href=\"http:\/\/www.choye.fr\/?p=4236\">Continuer la lecture <span class=\"meta-nav\">&rarr;<\/span><\/a><\/p>\n","protected":false},"author":258,"featured_media":0,"comment_status":"open","ping_status":"closed","sticky":false,"template":"","format":"standard","meta":{"ngg_post_thumbnail":0},"categories":[5,6,8],"tags":[],"post_mailing_queue_ids":[],"_links":{"self":[{"href":"http:\/\/www.choye.fr\/index.php?rest_route=\/wp\/v2\/posts\/4236"}],"collection":[{"href":"http:\/\/www.choye.fr\/index.php?rest_route=\/wp\/v2\/posts"}],"about":[{"href":"http:\/\/www.choye.fr\/index.php?rest_route=\/wp\/v2\/types\/post"}],"author":[{"embeddable":true,"href":"http:\/\/www.choye.fr\/index.php?rest_route=\/wp\/v2\/users\/258"}],"replies":[{"embeddable":true,"href":"http:\/\/www.choye.fr\/index.php?rest_route=%2Fwp%2Fv2%2Fcomments&post=4236"}],"version-history":[{"count":1,"href":"http:\/\/www.choye.fr\/index.php?rest_route=\/wp\/v2\/posts\/4236\/revisions"}],"predecessor-version":[{"id":4238,"href":"http:\/\/www.choye.fr\/index.php?rest_route=\/wp\/v2\/posts\/4236\/revisions\/4238"}],"wp:attachment":[{"href":"http:\/\/www.choye.fr\/index.php?rest_route=%2Fwp%2Fv2%2Fmedia&parent=4236"}],"wp:term":[{"taxonomy":"category","embeddable":true,"href":"http:\/\/www.choye.fr\/index.php?rest_route=%2Fwp%2Fv2%2Fcategories&post=4236"},{"taxonomy":"post_tag","embeddable":true,"href":"http:\/\/www.choye.fr\/index.php?rest_route=%2Fwp%2Fv2%2Ftags&post=4236"}],"curies":[{"name":"wp","href":"https:\/\/api.w.org\/{rel}","templated":true}]}}