{"id":4178,"date":"2014-05-27T10:25:19","date_gmt":"2014-05-27T09:25:19","guid":{"rendered":"http:\/\/www.choye.fr\/?p=4178"},"modified":"2014-05-27T10:25:19","modified_gmt":"2014-05-27T09:25:19","slug":"plan-local-durbanisme-intercommunal","status":"publish","type":"post","link":"http:\/\/www.choye.fr\/?p=4178","title":{"rendered":"Plan local d&rsquo;urbanisme intercommunal"},"content":{"rendered":"<p><a href=\"http:\/\/www.choye.fr\/wp-content\/uploads\/2014\/05\/plui.jpg\"><img decoding=\"async\" loading=\"lazy\" class=\"alignleft size-thumbnail wp-image-4179\" title=\"plui\" src=\"http:\/\/www.choye.fr\/wp-content\/uploads\/2014\/05\/plui-120x90.jpg\" alt=\"\" width=\"120\" height=\"90\" \/><\/a>La Pr\u00e9sidente de la Communaut\u00e9 de Communes des Monts de Gy et le Maire de Choye, vous invitent \u00e0 participer \u00e0 la deuxi\u00e8me r\u00e9union publique d&rsquo;information du Plan Local d&rsquo;Urbanisme Intercommunal (PLUI) qui aura lieu : le <strong>Jeudi 19 juin 2014 \u00e0 19h00<\/strong>, salle de la Mairie.<\/p>\n<p><strong>Ordre du jour : <\/strong><br \/>\n-Pr\u00e9sentation du zonage de la commune de Choye en pr\u00e9sence du cabinet<em> Verdi Ing\u00e9nierie.<\/em><\/p>\n","protected":false},"excerpt":{"rendered":"<p>La Pr\u00e9sidente de la Communaut\u00e9 de Communes des Monts de Gy et le Maire de Choye, vous invitent \u00e0 participer \u00e0 la deuxi\u00e8me r\u00e9union publique d&rsquo;information du Plan Local d&rsquo;Urbanisme Intercommunal (PLUI) qui aura lieu : le Jeudi 19 juin &hellip; <a href=\"http:\/\/www.choye.fr\/?p=4178\">Continuer la lecture <span class=\"meta-nav\">&rarr;<\/span><\/a><\/p>\n","protected":false},"author":258,"featured_media":0,"comment_status":"open","ping_status":"closed","sticky":false,"template":"","format":"standard","meta":{"ngg_post_thumbnail":0},"categories":[22],"tags":[],"post_mailing_queue_ids":[],"_links":{"self":[{"href":"http:\/\/www.choye.fr\/index.php?rest_route=\/wp\/v2\/posts\/4178"}],"collection":[{"href":"http:\/\/www.choye.fr\/index.php?rest_route=\/wp\/v2\/posts"}],"about":[{"href":"http:\/\/www.choye.fr\/index.php?rest_route=\/wp\/v2\/types\/post"}],"author":[{"embeddable":true,"href":"http:\/\/www.choye.fr\/index.php?rest_route=\/wp\/v2\/users\/258"}],"replies":[{"embeddable":true,"href":"http:\/\/www.choye.fr\/index.php?rest_route=%2Fwp%2Fv2%2Fcomments&post=4178"}],"version-history":[{"count":2,"href":"http:\/\/www.choye.fr\/index.php?rest_route=\/wp\/v2\/posts\/4178\/revisions"}],"predecessor-version":[{"id":4181,"href":"http:\/\/www.choye.fr\/index.php?rest_route=\/wp\/v2\/posts\/4178\/revisions\/4181"}],"wp:attachment":[{"href":"http:\/\/www.choye.fr\/index.php?rest_route=%2Fwp%2Fv2%2Fmedia&parent=4178"}],"wp:term":[{"taxonomy":"category","embeddable":true,"href":"http:\/\/www.choye.fr\/index.php?rest_route=%2Fwp%2Fv2%2Fcategories&post=4178"},{"taxonomy":"post_tag","embeddable":true,"href":"http:\/\/www.choye.fr\/index.php?rest_route=%2Fwp%2Fv2%2Ftags&post=4178"}],"curies":[{"name":"wp","href":"https:\/\/api.w.org\/{rel}","templated":true}]}}