{"id":415,"date":"2008-12-20T17:56:50","date_gmt":"2008-12-20T16:56:50","guid":{"rendered":"http:\/\/www.choye.fr\/?p=415"},"modified":"2008-12-23T11:58:59","modified_gmt":"2008-12-23T10:58:59","slug":"415","status":"publish","type":"post","link":"http:\/\/www.choye.fr\/?p=415","title":{"rendered":"358 habitants"},"content":{"rendered":"<p style=\"text-align: justify;\"><a href=\"http:\/\/www.choye.fr\/wp-content\/uploads\/2008\/12\/fr-images-coloriages-colorier-photo-famille-p71452.jpg\"><img decoding=\"async\" loading=\"lazy\" class=\"alignleft size-thumbnail wp-image-418\" title=\"fr-images-coloriages-colorier-photo-famille-p71452\" src=\"http:\/\/www.choye.fr\/wp-content\/uploads\/2008\/12\/fr-images-coloriages-colorier-photo-famille-p71452-120x90.jpg\" alt=\"\" width=\"120\" height=\"90\" \/><\/a>L&rsquo;<strong>INSEE<\/strong> vient de porter \u00e0 la connaissance de la commune les chiffres de la population officielle de Choye au 1er janvier 2009. Notre village compte <strong>358 habitants<\/strong>.<\/p>\n<p>Si nous prenons en compte les enfants de l&rsquo;IMP qui ne r\u00e9sident pas officiellement dans notre commune, la population totale s&rsquo;\u00e9l\u00e8ve \u00e0 <strong>412 habitants<\/strong>.<\/p>\n","protected":false},"excerpt":{"rendered":"<p>L&rsquo;INSEE vient de porter \u00e0 la connaissance de la commune les chiffres de la population officielle de Choye au 1er janvier 2009. Notre village compte 358 habitants. Si nous prenons en compte les enfants de l&rsquo;IMP qui ne r\u00e9sident pas &hellip; <a href=\"http:\/\/www.choye.fr\/?p=415\">Continuer la lecture <span class=\"meta-nav\">&rarr;<\/span><\/a><\/p>\n","protected":false},"author":258,"featured_media":0,"comment_status":"open","ping_status":"open","sticky":false,"template":"","format":"standard","meta":{"ngg_post_thumbnail":0},"categories":[25,7],"tags":[],"post_mailing_queue_ids":[],"_links":{"self":[{"href":"http:\/\/www.choye.fr\/index.php?rest_route=\/wp\/v2\/posts\/415"}],"collection":[{"href":"http:\/\/www.choye.fr\/index.php?rest_route=\/wp\/v2\/posts"}],"about":[{"href":"http:\/\/www.choye.fr\/index.php?rest_route=\/wp\/v2\/types\/post"}],"author":[{"embeddable":true,"href":"http:\/\/www.choye.fr\/index.php?rest_route=\/wp\/v2\/users\/258"}],"replies":[{"embeddable":true,"href":"http:\/\/www.choye.fr\/index.php?rest_route=%2Fwp%2Fv2%2Fcomments&post=415"}],"version-history":[{"count":4,"href":"http:\/\/www.choye.fr\/index.php?rest_route=\/wp\/v2\/posts\/415\/revisions"}],"predecessor-version":[{"id":420,"href":"http:\/\/www.choye.fr\/index.php?rest_route=\/wp\/v2\/posts\/415\/revisions\/420"}],"wp:attachment":[{"href":"http:\/\/www.choye.fr\/index.php?rest_route=%2Fwp%2Fv2%2Fmedia&parent=415"}],"wp:term":[{"taxonomy":"category","embeddable":true,"href":"http:\/\/www.choye.fr\/index.php?rest_route=%2Fwp%2Fv2%2Fcategories&post=415"},{"taxonomy":"post_tag","embeddable":true,"href":"http:\/\/www.choye.fr\/index.php?rest_route=%2Fwp%2Fv2%2Ftags&post=415"}],"curies":[{"name":"wp","href":"https:\/\/api.w.org\/{rel}","templated":true}]}}