{"id":4140,"date":"2014-04-24T13:24:30","date_gmt":"2014-04-24T12:24:30","guid":{"rendered":"http:\/\/www.choye.fr\/?p=4140"},"modified":"2014-04-24T13:25:45","modified_gmt":"2014-04-24T12:25:45","slug":"inscriptions-a-lecole-maternelle-2","status":"publish","type":"post","link":"http:\/\/www.choye.fr\/?p=4140","title":{"rendered":"Inscriptions \u00e0 l&rsquo;\u00e9cole maternelle"},"content":{"rendered":"<p><a href=\"http:\/\/www.choye.fr\/wp-content\/uploads\/2010\/03\/ecole.jpg\"><img decoding=\"async\" loading=\"lazy\" class=\"alignleft size-thumbnail wp-image-1586\" title=\"ecole\" src=\"http:\/\/www.choye.fr\/wp-content\/uploads\/2010\/03\/ecole-80x90.jpg\" alt=\"\" width=\"80\" height=\"90\" \/><\/a>Les inscriptions en maternelle \u00e0 l&rsquo;\u00e9cole de Gy pour les enfants n\u00e9s en 2011 se feront les vendredis <strong>16 mai et 23 mai<\/strong> de 14h00 \u00e0 15h30 (\u00e0 l&rsquo;\u00e9cole primaire) dans le bureau de la directrice.<!--more--><\/p>\n<p><strong>se munir :<\/strong><\/p>\n<p>&#8211; d&rsquo;un certificat d&rsquo;Aptitude \u00e0 la vie en collectivit\u00e9<br \/>\n&#8211; d&rsquo;un certificat de vaccinations<br \/>\n&#8211; d&rsquo;une copie du livret de famille<\/p>\n<p><em>Laurence Daval<br \/>\nDirectrice<br \/>\nEcole primaire publique<br \/>\nT\u00e9l : 03.84.32.83.07 <\/em><\/p>\n","protected":false},"excerpt":{"rendered":"<p>Les inscriptions en maternelle \u00e0 l&rsquo;\u00e9cole de Gy pour les enfants n\u00e9s en 2011 se feront les vendredis 16 mai et 23 mai de 14h00 \u00e0 15h30 (\u00e0 l&rsquo;\u00e9cole primaire) dans le bureau de la directrice.<\/p>\n","protected":false},"author":258,"featured_media":0,"comment_status":"open","ping_status":"closed","sticky":false,"template":"","format":"standard","meta":{"ngg_post_thumbnail":0},"categories":[13,7],"tags":[],"post_mailing_queue_ids":[],"_links":{"self":[{"href":"http:\/\/www.choye.fr\/index.php?rest_route=\/wp\/v2\/posts\/4140"}],"collection":[{"href":"http:\/\/www.choye.fr\/index.php?rest_route=\/wp\/v2\/posts"}],"about":[{"href":"http:\/\/www.choye.fr\/index.php?rest_route=\/wp\/v2\/types\/post"}],"author":[{"embeddable":true,"href":"http:\/\/www.choye.fr\/index.php?rest_route=\/wp\/v2\/users\/258"}],"replies":[{"embeddable":true,"href":"http:\/\/www.choye.fr\/index.php?rest_route=%2Fwp%2Fv2%2Fcomments&post=4140"}],"version-history":[{"count":4,"href":"http:\/\/www.choye.fr\/index.php?rest_route=\/wp\/v2\/posts\/4140\/revisions"}],"predecessor-version":[{"id":4144,"href":"http:\/\/www.choye.fr\/index.php?rest_route=\/wp\/v2\/posts\/4140\/revisions\/4144"}],"wp:attachment":[{"href":"http:\/\/www.choye.fr\/index.php?rest_route=%2Fwp%2Fv2%2Fmedia&parent=4140"}],"wp:term":[{"taxonomy":"category","embeddable":true,"href":"http:\/\/www.choye.fr\/index.php?rest_route=%2Fwp%2Fv2%2Fcategories&post=4140"},{"taxonomy":"post_tag","embeddable":true,"href":"http:\/\/www.choye.fr\/index.php?rest_route=%2Fwp%2Fv2%2Ftags&post=4140"}],"curies":[{"name":"wp","href":"https:\/\/api.w.org\/{rel}","templated":true}]}}