{"id":4138,"date":"2014-04-24T13:18:16","date_gmt":"2014-04-24T12:18:16","guid":{"rendered":"http:\/\/www.choye.fr\/?p=4138"},"modified":"2014-04-24T13:18:16","modified_gmt":"2014-04-24T12:18:16","slug":"du-nouveau-a-la-bibliotheque-du-village","status":"publish","type":"post","link":"http:\/\/www.choye.fr\/?p=4138","title":{"rendered":"Du nouveau \u00e0 la biblioth\u00e8que du village !"},"content":{"rendered":"<p><a href=\"http:\/\/www.choye.fr\/wp-content\/uploads\/2010\/02\/livre5.jpg\"><img decoding=\"async\" loading=\"lazy\" class=\"alignleft size-thumbnail wp-image-1517\" title=\"livre5\" src=\"http:\/\/www.choye.fr\/wp-content\/uploads\/2010\/02\/livre5-120x90.jpg\" alt=\"\" width=\"120\" height=\"90\" \/><\/a>A partir du<strong> 10 mai 2014<\/strong>, la biblioth\u00e8que sera ouverte tous les <strong>samedi, de 10h \u00e0 11h<\/strong>. Ce nouvel horaire s&rsquo;ajoute \u00e0 l&rsquo;ouverture habituelle du lundi (16h45 &#8211; 18h15).<\/p>\n<p>N&rsquo;h\u00e9sitez pas \u00e0 venir emprunter vos livres, BD, revues aupr\u00e8s des b\u00e9n\u00e9voles Mireille Saillard, Josiane Seguin, Josette\u00a0<span>Kaczmarczyk <\/span>, Suzanne Haas et Martine Grosjean \u00e0 qui nous adressons tous nos remerciements pour leur action au service de notre commune.<\/p>\n","protected":false},"excerpt":{"rendered":"<p>A partir du 10 mai 2014, la biblioth\u00e8que sera ouverte tous les samedi, de 10h \u00e0 11h. Ce nouvel horaire s&rsquo;ajoute \u00e0 l&rsquo;ouverture habituelle du lundi (16h45 &#8211; 18h15). N&rsquo;h\u00e9sitez pas \u00e0 venir emprunter vos livres, BD, revues aupr\u00e8s des &hellip; <a href=\"http:\/\/www.choye.fr\/?p=4138\">Continuer la lecture <span class=\"meta-nav\">&rarr;<\/span><\/a><\/p>\n","protected":false},"author":258,"featured_media":0,"comment_status":"open","ping_status":"closed","sticky":false,"template":"","format":"standard","meta":{"ngg_post_thumbnail":0},"categories":[11],"tags":[],"post_mailing_queue_ids":[],"_links":{"self":[{"href":"http:\/\/www.choye.fr\/index.php?rest_route=\/wp\/v2\/posts\/4138"}],"collection":[{"href":"http:\/\/www.choye.fr\/index.php?rest_route=\/wp\/v2\/posts"}],"about":[{"href":"http:\/\/www.choye.fr\/index.php?rest_route=\/wp\/v2\/types\/post"}],"author":[{"embeddable":true,"href":"http:\/\/www.choye.fr\/index.php?rest_route=\/wp\/v2\/users\/258"}],"replies":[{"embeddable":true,"href":"http:\/\/www.choye.fr\/index.php?rest_route=%2Fwp%2Fv2%2Fcomments&post=4138"}],"version-history":[{"count":1,"href":"http:\/\/www.choye.fr\/index.php?rest_route=\/wp\/v2\/posts\/4138\/revisions"}],"predecessor-version":[{"id":4139,"href":"http:\/\/www.choye.fr\/index.php?rest_route=\/wp\/v2\/posts\/4138\/revisions\/4139"}],"wp:attachment":[{"href":"http:\/\/www.choye.fr\/index.php?rest_route=%2Fwp%2Fv2%2Fmedia&parent=4138"}],"wp:term":[{"taxonomy":"category","embeddable":true,"href":"http:\/\/www.choye.fr\/index.php?rest_route=%2Fwp%2Fv2%2Fcategories&post=4138"},{"taxonomy":"post_tag","embeddable":true,"href":"http:\/\/www.choye.fr\/index.php?rest_route=%2Fwp%2Fv2%2Ftags&post=4138"}],"curies":[{"name":"wp","href":"https:\/\/api.w.org\/{rel}","templated":true}]}}