{"id":4135,"date":"2014-04-23T11:06:35","date_gmt":"2014-04-23T10:06:35","guid":{"rendered":"http:\/\/www.choye.fr\/?p=4135"},"modified":"2014-04-23T22:17:46","modified_gmt":"2014-04-23T21:17:46","slug":"deces-de-jean-chevanne","status":"publish","type":"post","link":"http:\/\/www.choye.fr\/?p=4135","title":{"rendered":"D\u00e9c\u00e8s de Jean Chevanne"},"content":{"rendered":"<p><a href=\"http:\/\/www.choye.fr\/wp-content\/uploads\/2014\/03\/ciel-120x901111.jpg\"><img decoding=\"async\" loading=\"lazy\" class=\"alignleft size-thumbnail wp-image-4075\" title=\"ciel-120x901111\" src=\"http:\/\/www.choye.fr\/wp-content\/uploads\/2014\/03\/ciel-120x901111.jpg\" alt=\"\" width=\"120\" height=\"90\" \/><\/a>Jean Chevanne, est d\u00e9c\u00e9d\u00e9 le 18 avril 2014 \u00e0 l&rsquo;\u00e2ge de 77 ans. Les obs\u00e8ques auront lieu en l&rsquo;\u00e9glise de Choye, mercredi 23 avril, \u00e0 quatorze heures trente. \u00a0Le Maire et le conseil municipal de Choye adressent leurs plus sinc\u00e8res condol\u00e9ances \u00e0 Lucienne son \u00e9pouse ainsi qu&rsquo;\u00e0 Jacques et Guy ses enfants.<\/p>\n","protected":false},"excerpt":{"rendered":"<p>Jean Chevanne, est d\u00e9c\u00e9d\u00e9 le 18 avril 2014 \u00e0 l&rsquo;\u00e2ge de 77 ans. Les obs\u00e8ques auront lieu en l&rsquo;\u00e9glise de Choye, mercredi 23 avril, \u00e0 quatorze heures trente. \u00a0Le Maire et le conseil municipal de Choye adressent leurs plus sinc\u00e8res &hellip; <a href=\"http:\/\/www.choye.fr\/?p=4135\">Continuer la lecture <span class=\"meta-nav\">&rarr;<\/span><\/a><\/p>\n","protected":false},"author":258,"featured_media":0,"comment_status":"open","ping_status":"closed","sticky":false,"template":"","format":"standard","meta":{"ngg_post_thumbnail":0},"categories":[24],"tags":[],"post_mailing_queue_ids":[],"_links":{"self":[{"href":"http:\/\/www.choye.fr\/index.php?rest_route=\/wp\/v2\/posts\/4135"}],"collection":[{"href":"http:\/\/www.choye.fr\/index.php?rest_route=\/wp\/v2\/posts"}],"about":[{"href":"http:\/\/www.choye.fr\/index.php?rest_route=\/wp\/v2\/types\/post"}],"author":[{"embeddable":true,"href":"http:\/\/www.choye.fr\/index.php?rest_route=\/wp\/v2\/users\/258"}],"replies":[{"embeddable":true,"href":"http:\/\/www.choye.fr\/index.php?rest_route=%2Fwp%2Fv2%2Fcomments&post=4135"}],"version-history":[{"count":2,"href":"http:\/\/www.choye.fr\/index.php?rest_route=\/wp\/v2\/posts\/4135\/revisions"}],"predecessor-version":[{"id":4137,"href":"http:\/\/www.choye.fr\/index.php?rest_route=\/wp\/v2\/posts\/4135\/revisions\/4137"}],"wp:attachment":[{"href":"http:\/\/www.choye.fr\/index.php?rest_route=%2Fwp%2Fv2%2Fmedia&parent=4135"}],"wp:term":[{"taxonomy":"category","embeddable":true,"href":"http:\/\/www.choye.fr\/index.php?rest_route=%2Fwp%2Fv2%2Fcategories&post=4135"},{"taxonomy":"post_tag","embeddable":true,"href":"http:\/\/www.choye.fr\/index.php?rest_route=%2Fwp%2Fv2%2Ftags&post=4135"}],"curies":[{"name":"wp","href":"https:\/\/api.w.org\/{rel}","templated":true}]}}