{"id":3906,"date":"2013-11-01T14:33:02","date_gmt":"2013-11-01T13:33:02","guid":{"rendered":"http:\/\/www.choye.fr\/?p=3906"},"modified":"2013-11-01T14:33:02","modified_gmt":"2013-11-01T13:33:02","slug":"deces-de-daniel-mure","status":"publish","type":"post","link":"http:\/\/www.choye.fr\/?p=3906","title":{"rendered":"D\u00e9c\u00e8s de Daniel MURE"},"content":{"rendered":"<div id=\"yui_3_13_0_1_1383312647436_2475\"><a href=\"http:\/\/www.choye.fr\/wp-content\/uploads\/2013\/11\/ciel-120x901111.jpg\"><img decoding=\"async\" loading=\"lazy\" class=\"alignleft size-thumbnail wp-image-3905\" title=\"ciel-120x901111\" src=\"http:\/\/www.choye.fr\/wp-content\/uploads\/2013\/11\/ciel-120x901111.jpg\" alt=\"\" width=\"120\" height=\"90\" \/><\/a>Daniel MURE, 73 ans, est d\u00e9c\u00e9d\u00e9 le 30 octobre 2013 \u00e0 Besan\u00e7on. Les obs\u00e8ques auront lieu en l&rsquo;\u00e9glise de Choye le lundi 3 novembre 2013 \u00e0 14h00. Condol\u00e9ances<\/div>\n<div id=\"yui_3_13_0_1_1383312647436_2479\"><\/div>\n","protected":false},"excerpt":{"rendered":"<p>Daniel MURE, 73 ans, est d\u00e9c\u00e9d\u00e9 le 30 octobre 2013 \u00e0 Besan\u00e7on. Les obs\u00e8ques auront lieu en l&rsquo;\u00e9glise de Choye le lundi 3 novembre 2013 \u00e0 14h00. Condol\u00e9ances<\/p>\n","protected":false},"author":258,"featured_media":0,"comment_status":"open","ping_status":"closed","sticky":false,"template":"","format":"standard","meta":{"ngg_post_thumbnail":0},"categories":[24],"tags":[],"post_mailing_queue_ids":[],"_links":{"self":[{"href":"http:\/\/www.choye.fr\/index.php?rest_route=\/wp\/v2\/posts\/3906"}],"collection":[{"href":"http:\/\/www.choye.fr\/index.php?rest_route=\/wp\/v2\/posts"}],"about":[{"href":"http:\/\/www.choye.fr\/index.php?rest_route=\/wp\/v2\/types\/post"}],"author":[{"embeddable":true,"href":"http:\/\/www.choye.fr\/index.php?rest_route=\/wp\/v2\/users\/258"}],"replies":[{"embeddable":true,"href":"http:\/\/www.choye.fr\/index.php?rest_route=%2Fwp%2Fv2%2Fcomments&post=3906"}],"version-history":[{"count":1,"href":"http:\/\/www.choye.fr\/index.php?rest_route=\/wp\/v2\/posts\/3906\/revisions"}],"predecessor-version":[{"id":3907,"href":"http:\/\/www.choye.fr\/index.php?rest_route=\/wp\/v2\/posts\/3906\/revisions\/3907"}],"wp:attachment":[{"href":"http:\/\/www.choye.fr\/index.php?rest_route=%2Fwp%2Fv2%2Fmedia&parent=3906"}],"wp:term":[{"taxonomy":"category","embeddable":true,"href":"http:\/\/www.choye.fr\/index.php?rest_route=%2Fwp%2Fv2%2Fcategories&post=3906"},{"taxonomy":"post_tag","embeddable":true,"href":"http:\/\/www.choye.fr\/index.php?rest_route=%2Fwp%2Fv2%2Ftags&post=3906"}],"curies":[{"name":"wp","href":"https:\/\/api.w.org\/{rel}","templated":true}]}}