{"id":39,"date":"2008-07-09T08:44:18","date_gmt":"2008-07-09T07:44:18","guid":{"rendered":"http:\/\/tsaillard.free.fr\/wordpress\/?p=95"},"modified":"2009-03-27T10:19:16","modified_gmt":"2009-03-27T09:19:16","slug":"conseil-municipal-du-7-juillet-2008","status":"publish","type":"post","link":"http:\/\/www.choye.fr\/?p=39","title":{"rendered":"Conseil municipal du 7 juillet 2008"},"content":{"rendered":"<p><a href=\"http:\/\/www.choye.fr\/wp-content\/uploads\/2008\/07\/eolienne.jpg\"><img decoding=\"async\" loading=\"lazy\" class=\"alignleft size-thumbnail wp-image-96\" src=\"http:\/\/www.choye.fr\/wp-content\/uploads\/2008\/07\/eolienne-120x90.jpg\" alt=\"\u00e9olienne\" width=\"120\" height=\"90\" \/><\/a><strong>Zone de d\u00e9veloppement \u00e9olien sur le territoire de la commune de Choye.<\/strong><br \/>\nLe Conseil municipal a examin\u00e9 les diff\u00e9rentes informations communiqu\u00e9es par la soci\u00e9t\u00e9<span style=\"#008000;\"> INTERVENT<\/span> qui propose la cr\u00e9ation d&rsquo;une zone de d\u00e9veloppement \u00e9olien sur le territoire de la commune de Choye.Soucieux de bien mesurer l&rsquo;impact du projet sur le paysage, la Mairie avait demand\u00e9 \u00e0 la soci\u00e9t\u00e9 de transmettre des documents permettant de visualiser la future ligne d&rsquo;horizon de la commune vue depuis les points \u00e9lev\u00e9s du village.<!--more--><\/p>\n<p>La soci\u00e9t\u00e9 INTERVENT a indiqu\u00e9 qu&rsquo;il s&rsquo;agissait d&rsquo;implanter une quinzaine d&rsquo;\u00e9oliennes d&rsquo;une hauteur de 140 m\u00e8tres (du sol \u00e0 l&rsquo;extr\u00e9mit\u00e9 de la pale \u00e0 la verticale), sur les hauteurs entre les villages de Choye et de Cugney, \u00e0 une distance minimale de 600 m\u00e8tres des habitations les plus proches. La soci\u00e9t\u00e9 a adress\u00e9 \u00e0 la mairie plusieurs photomontages en pr\u00e9cisant \u00ab nous nous permettons d&rsquo;insister sur le fait que ces photomontages ne sont absolument pas repr\u00e9sentatifs de l&rsquo;impact paysager que le projet final pourrait avoir \u00bb.<\/p>\n<p>Dans ces conditions, le Conseil municipal s&rsquo;est prononc\u00e9 contre ce projet \u00e0 l&rsquo;unanimit\u00e9 moins une abstention.<\/p>\n<p><strong>Questions diverses<\/strong><\/p>\n<p>Le Conseil municipal a \u00e9t\u00e9 inform\u00e9 du projet de \u00ab sch\u00e9ma directeur de desserte foresti\u00e8re \u00bb \u00e9labor\u00e9 par l&rsquo;Office National des For\u00eats pour am\u00e9liorer l&rsquo;acc\u00e8s des grumiers et le stockage du bois, de l&rsquo;avancement des projets relatif \u00e0 l&rsquo;accessibilit\u00e9 de la mairie et du lotissement communal ainsi que de la r\u00e9siliation du bail du local occup\u00e9 par la poste suite \u00e0 l&rsquo;ouverture du point postal \u00e0 la boulangerie Roll\u00e9e.<\/p>\n","protected":false},"excerpt":{"rendered":"<p>Zone de d\u00e9veloppement \u00e9olien sur le territoire de la commune de Choye. Le Conseil municipal a examin\u00e9 les diff\u00e9rentes informations communiqu\u00e9es par la soci\u00e9t\u00e9 INTERVENT qui propose la cr\u00e9ation d&rsquo;une zone de d\u00e9veloppement \u00e9olien sur le territoire de la commune &hellip; <a href=\"http:\/\/www.choye.fr\/?p=39\">Continuer la lecture <span class=\"meta-nav\">&rarr;<\/span><\/a><\/p>\n","protected":false},"author":1,"featured_media":0,"comment_status":"open","ping_status":"open","sticky":false,"template":"","format":"standard","meta":{"ngg_post_thumbnail":0},"categories":[30,12],"tags":[],"post_mailing_queue_ids":[],"_links":{"self":[{"href":"http:\/\/www.choye.fr\/index.php?rest_route=\/wp\/v2\/posts\/39"}],"collection":[{"href":"http:\/\/www.choye.fr\/index.php?rest_route=\/wp\/v2\/posts"}],"about":[{"href":"http:\/\/www.choye.fr\/index.php?rest_route=\/wp\/v2\/types\/post"}],"author":[{"embeddable":true,"href":"http:\/\/www.choye.fr\/index.php?rest_route=\/wp\/v2\/users\/1"}],"replies":[{"embeddable":true,"href":"http:\/\/www.choye.fr\/index.php?rest_route=%2Fwp%2Fv2%2Fcomments&post=39"}],"version-history":[{"count":1,"href":"http:\/\/www.choye.fr\/index.php?rest_route=\/wp\/v2\/posts\/39\/revisions"}],"predecessor-version":[{"id":716,"href":"http:\/\/www.choye.fr\/index.php?rest_route=\/wp\/v2\/posts\/39\/revisions\/716"}],"wp:attachment":[{"href":"http:\/\/www.choye.fr\/index.php?rest_route=%2Fwp%2Fv2%2Fmedia&parent=39"}],"wp:term":[{"taxonomy":"category","embeddable":true,"href":"http:\/\/www.choye.fr\/index.php?rest_route=%2Fwp%2Fv2%2Fcategories&post=39"},{"taxonomy":"post_tag","embeddable":true,"href":"http:\/\/www.choye.fr\/index.php?rest_route=%2Fwp%2Fv2%2Ftags&post=39"}],"curies":[{"name":"wp","href":"https:\/\/api.w.org\/{rel}","templated":true}]}}