{"id":3897,"date":"2013-10-27T10:11:14","date_gmt":"2013-10-27T09:11:14","guid":{"rendered":"http:\/\/www.choye.fr\/?p=3897"},"modified":"2013-10-29T10:24:11","modified_gmt":"2013-10-29T09:24:11","slug":"formation-au-chateau","status":"publish","type":"post","link":"http:\/\/www.choye.fr\/?p=3897","title":{"rendered":"Formation au ch\u00e2teau"},"content":{"rendered":"<div id=\"yui_3_13_0_1_1383029344295_29686\">\n<div id=\"yui_3_13_0_1_1383029344295_29686\" style=\"text-align: justify;\"><a href=\"http:\/\/www.choye.fr\/wp-content\/uploads\/2013\/10\/bafa1.jpg\"><img decoding=\"async\" loading=\"lazy\" class=\"alignleft size-thumbnail wp-image-3899\" title=\"bafa1\" src=\"http:\/\/www.choye.fr\/wp-content\/uploads\/2013\/10\/bafa1-120x90.jpg\" alt=\"\" width=\"120\" height=\"90\" srcset=\"http:\/\/www.choye.fr\/wp-content\/uploads\/2013\/10\/bafa1-120x90.jpg 120w, http:\/\/www.choye.fr\/wp-content\/uploads\/2013\/10\/bafa1-300x225.jpg 300w, http:\/\/www.choye.fr\/wp-content\/uploads\/2013\/10\/bafa1.jpg 448w\" sizes=\"(max-width: 120px) 100vw, 120px\" \/><\/a>Le ch\u00e2teau est rest\u00e9 tr\u00e8s anim\u00e9 cette semaine malgr\u00e9 les vacances des enfants de l&rsquo;IMP. L&rsquo;Union R\u00e9gionale des F\u00e9d\u00e9rations des Oeuvres Laiques de Franche Comt\u00e9 (URFOL)\u00a0 organisait simultan\u00e9ment plusieurs formations : un stage de base et un stage d&rsquo;approfondissement du brevet d&rsquo;aptitude aux fonctions d&rsquo;animateur (BAFA) une formation continue dans le cadre du certificat de professionnalisation \u00ab\u00a0animateur\u00a0\u00bb et une formation sur le th\u00e8me\u00a0du handicap. 50 stagiaires ont \u00e9t\u00e9 accueillis.<\/div>\n<div id=\"yui_3_13_0_1_1383029344295_29715\" style=\"text-align: justify;\"><\/div>\n<\/div>\n","protected":false},"excerpt":{"rendered":"<p>Le ch\u00e2teau est rest\u00e9 tr\u00e8s anim\u00e9 cette semaine malgr\u00e9 les vacances des enfants de l&rsquo;IMP. L&rsquo;Union R\u00e9gionale des F\u00e9d\u00e9rations des Oeuvres Laiques de Franche Comt\u00e9 (URFOL)\u00a0 organisait simultan\u00e9ment plusieurs formations : un stage de base et un stage d&rsquo;approfondissement du &hellip; <a href=\"http:\/\/www.choye.fr\/?p=3897\">Continuer la lecture <span class=\"meta-nav\">&rarr;<\/span><\/a><\/p>\n","protected":false},"author":258,"featured_media":0,"comment_status":"open","ping_status":"closed","sticky":false,"template":"","format":"standard","meta":{"ngg_post_thumbnail":0},"categories":[5],"tags":[],"post_mailing_queue_ids":[],"_links":{"self":[{"href":"http:\/\/www.choye.fr\/index.php?rest_route=\/wp\/v2\/posts\/3897"}],"collection":[{"href":"http:\/\/www.choye.fr\/index.php?rest_route=\/wp\/v2\/posts"}],"about":[{"href":"http:\/\/www.choye.fr\/index.php?rest_route=\/wp\/v2\/types\/post"}],"author":[{"embeddable":true,"href":"http:\/\/www.choye.fr\/index.php?rest_route=\/wp\/v2\/users\/258"}],"replies":[{"embeddable":true,"href":"http:\/\/www.choye.fr\/index.php?rest_route=%2Fwp%2Fv2%2Fcomments&post=3897"}],"version-history":[{"count":2,"href":"http:\/\/www.choye.fr\/index.php?rest_route=\/wp\/v2\/posts\/3897\/revisions"}],"predecessor-version":[{"id":3901,"href":"http:\/\/www.choye.fr\/index.php?rest_route=\/wp\/v2\/posts\/3897\/revisions\/3901"}],"wp:attachment":[{"href":"http:\/\/www.choye.fr\/index.php?rest_route=%2Fwp%2Fv2%2Fmedia&parent=3897"}],"wp:term":[{"taxonomy":"category","embeddable":true,"href":"http:\/\/www.choye.fr\/index.php?rest_route=%2Fwp%2Fv2%2Fcategories&post=3897"},{"taxonomy":"post_tag","embeddable":true,"href":"http:\/\/www.choye.fr\/index.php?rest_route=%2Fwp%2Fv2%2Ftags&post=3897"}],"curies":[{"name":"wp","href":"https:\/\/api.w.org\/{rel}","templated":true}]}}