{"id":3774,"date":"2013-07-31T15:09:57","date_gmt":"2013-07-31T14:09:57","guid":{"rendered":"http:\/\/www.choye.fr\/?p=3774"},"modified":"2013-07-31T15:09:57","modified_gmt":"2013-07-31T14:09:57","slug":"colonie-au-chateau-3","status":"publish","type":"post","link":"http:\/\/www.choye.fr\/?p=3774","title":{"rendered":"Colonie au ch\u00e2teau"},"content":{"rendered":"<p><span><a href=\"http:\/\/www.choye.fr\/wp-content\/uploads\/2013\/07\/chateau.jpg\"><img decoding=\"async\" loading=\"lazy\" class=\"alignleft size-thumbnail wp-image-3777\" title=\"chateau\" src=\"http:\/\/www.choye.fr\/wp-content\/uploads\/2013\/07\/chateau-120x90.jpg\" alt=\"\" width=\"120\" height=\"90\" srcset=\"http:\/\/www.choye.fr\/wp-content\/uploads\/2013\/07\/chateau-120x90.jpg 120w, http:\/\/www.choye.fr\/wp-content\/uploads\/2013\/07\/chateau-300x225.jpg 300w, http:\/\/www.choye.fr\/wp-content\/uploads\/2013\/07\/chateau.jpg 448w\" sizes=\"(max-width: 120px) 100vw, 120px\" \/><\/a>Comme chaque \u00e9t\u00e9, une vingtaine de vacanciers handicap\u00e9s s\u00e9journeront au ch\u00e2teau de\u00a0Choye du dimanche 4 ao\u00fbt au dimanche 25 ao\u00fbt, dans les locaux de l\u2019IMP. C\u2019est un centre de vacances de l\u2019Association des familles d\u2019Enfants Handicap\u00e9s de la Poste et des T\u00e9l\u00e9coms dirig\u00e9 par Benjamin Thibaudeau et son \u00e9quipe. Ils organiseront des activit\u00e9s adapt\u00e9es, des animations et des sorties. Bienvenue \u00e0 tous.<\/span><\/p>\n","protected":false},"excerpt":{"rendered":"<p>Comme chaque \u00e9t\u00e9, une vingtaine de vacanciers handicap\u00e9s s\u00e9journeront au ch\u00e2teau de\u00a0Choye du dimanche 4 ao\u00fbt au dimanche 25 ao\u00fbt, dans les locaux de l\u2019IMP. C\u2019est un centre de vacances de l\u2019Association des familles d\u2019Enfants Handicap\u00e9s de la Poste et &hellip; <a href=\"http:\/\/www.choye.fr\/?p=3774\">Continuer la lecture <span class=\"meta-nav\">&rarr;<\/span><\/a><\/p>\n","protected":false},"author":258,"featured_media":0,"comment_status":"open","ping_status":"closed","sticky":false,"template":"","format":"standard","meta":{"ngg_post_thumbnail":0},"categories":[5,11],"tags":[],"post_mailing_queue_ids":[],"_links":{"self":[{"href":"http:\/\/www.choye.fr\/index.php?rest_route=\/wp\/v2\/posts\/3774"}],"collection":[{"href":"http:\/\/www.choye.fr\/index.php?rest_route=\/wp\/v2\/posts"}],"about":[{"href":"http:\/\/www.choye.fr\/index.php?rest_route=\/wp\/v2\/types\/post"}],"author":[{"embeddable":true,"href":"http:\/\/www.choye.fr\/index.php?rest_route=\/wp\/v2\/users\/258"}],"replies":[{"embeddable":true,"href":"http:\/\/www.choye.fr\/index.php?rest_route=%2Fwp%2Fv2%2Fcomments&post=3774"}],"version-history":[{"count":2,"href":"http:\/\/www.choye.fr\/index.php?rest_route=\/wp\/v2\/posts\/3774\/revisions"}],"predecessor-version":[{"id":3778,"href":"http:\/\/www.choye.fr\/index.php?rest_route=\/wp\/v2\/posts\/3774\/revisions\/3778"}],"wp:attachment":[{"href":"http:\/\/www.choye.fr\/index.php?rest_route=%2Fwp%2Fv2%2Fmedia&parent=3774"}],"wp:term":[{"taxonomy":"category","embeddable":true,"href":"http:\/\/www.choye.fr\/index.php?rest_route=%2Fwp%2Fv2%2Fcategories&post=3774"},{"taxonomy":"post_tag","embeddable":true,"href":"http:\/\/www.choye.fr\/index.php?rest_route=%2Fwp%2Fv2%2Ftags&post=3774"}],"curies":[{"name":"wp","href":"https:\/\/api.w.org\/{rel}","templated":true}]}}