{"id":3726,"date":"2013-07-14T16:42:36","date_gmt":"2013-07-14T15:42:36","guid":{"rendered":"http:\/\/www.choye.fr\/?p=3726"},"modified":"2013-07-16T11:23:32","modified_gmt":"2013-07-16T10:23:32","slug":"inauguration-de-lespace-de-loisirs","status":"publish","type":"post","link":"http:\/\/www.choye.fr\/?p=3726","title":{"rendered":"Inauguration de l&rsquo;espace de loisirs"},"content":{"rendered":"<p><a href=\"http:\/\/www.choye.fr\/wp-content\/uploads\/2013\/07\/copie-de-img_18352.jpg\"><img decoding=\"async\" loading=\"lazy\" class=\"alignleft size-thumbnail wp-image-3731\" title=\"copie-de-img_18352\" src=\"http:\/\/www.choye.fr\/wp-content\/uploads\/2013\/07\/copie-de-img_18352-120x90.jpg\" alt=\"\" width=\"120\" height=\"90\" \/><\/a><a href=\"http:\/\/www.choye.fr\/wp-content\/uploads\/2013\/07\/copie-de-img_18541.jpg\"><img decoding=\"async\" loading=\"lazy\" class=\"alignright size-thumbnail wp-image-3732\" title=\"copie-de-img_18541\" src=\"http:\/\/www.choye.fr\/wp-content\/uploads\/2013\/07\/copie-de-img_18541-120x90.jpg\" alt=\"\" width=\"120\" height=\"90\" srcset=\"http:\/\/www.choye.fr\/wp-content\/uploads\/2013\/07\/copie-de-img_18541-120x90.jpg 120w, http:\/\/www.choye.fr\/wp-content\/uploads\/2013\/07\/copie-de-img_18541-300x225.jpg 300w, http:\/\/www.choye.fr\/wp-content\/uploads\/2013\/07\/copie-de-img_18541.jpg 448w\" sizes=\"(max-width: 120px) 100vw, 120px\" \/><\/a>Inauguration officielle de l&rsquo;aire de l&rsquo;espace de loisirs en ce jour de 14 Juillet. Nicole Pauly, pr\u00e9sidente de l&rsquo;Association Choye, animation, sport et culture remettait officiellement \u00e0 la commune l&rsquo;espace de jeux offert par l&rsquo;association. Ce qui repr\u00e9sente un investissement de 4 500 \u20ac pour l&rsquo;association, financ\u00e9s avec les b\u00e9n\u00e9fices des manifestations, notamment du vide grenier. La commune a pr\u00e9financ\u00e9 les terrassements et l&rsquo;am\u00e9nagement des plateformes pour un co\u00fbt d&rsquo;environ 2 000 \u20ac qui sera ult\u00e9rieurement pris en charge par l&rsquo;association. Ce sont M\u00e9line et Gabin qui ont coup\u00e9 le ruban avant de s&rsquo;\u00e9lancer sur le toboggan imm\u00e9diatement suivis par la trentaine d&rsquo;enfants pr\u00e9sents. L&rsquo;apr\u00e8s-midi, le terrain de p\u00e9tanque a connu son premier tournoi \u00e0 la satisfaction des comp\u00e9titeurs. Le Maire, Guy Chevanne a remerci\u00e9 chaleureusement l&rsquo;association ainsi que tous les b\u00e9n\u00e9voles qui ont particip\u00e9 \u00e0 l&rsquo;am\u00e9nagement de l&rsquo;espace de loisirs et au montage des jeux.<!--more-->Un grand merci \u00e0 Roger Burgy, S\u00e9verine Burgy, Fanny Chassain, Henri Decologne, Raymond Haas, Michel Faradon, Isabelle et Rom\u00e9o Franchini, Sabine Monnot, Nicole et Jean-Marie Pauly, Eliane et Francis Roll\u00e9e, Patrice Saillard, Thierry Saillard et Gilles Seguin. Ensemble ils ont r\u00e9alis\u00e9 environ 50 jours de travail pour assurer la qualit\u00e9 et l&rsquo;esth\u00e9tique des installations mise \u00e0 disposition des enfants et de tous les habitants de Choye.<\/p>\n","protected":false},"excerpt":{"rendered":"<p>Inauguration officielle de l&rsquo;aire de l&rsquo;espace de loisirs en ce jour de 14 Juillet. Nicole Pauly, pr\u00e9sidente de l&rsquo;Association Choye, animation, sport et culture remettait officiellement \u00e0 la commune l&rsquo;espace de jeux offert par l&rsquo;association. Ce qui repr\u00e9sente un investissement &hellip; <a href=\"http:\/\/www.choye.fr\/?p=3726\">Continuer la lecture <span class=\"meta-nav\">&rarr;<\/span><\/a><\/p>\n","protected":false},"author":258,"featured_media":0,"comment_status":"open","ping_status":"open","sticky":false,"template":"","format":"standard","meta":{"ngg_post_thumbnail":0},"categories":[5,11],"tags":[],"post_mailing_queue_ids":[],"_links":{"self":[{"href":"http:\/\/www.choye.fr\/index.php?rest_route=\/wp\/v2\/posts\/3726"}],"collection":[{"href":"http:\/\/www.choye.fr\/index.php?rest_route=\/wp\/v2\/posts"}],"about":[{"href":"http:\/\/www.choye.fr\/index.php?rest_route=\/wp\/v2\/types\/post"}],"author":[{"embeddable":true,"href":"http:\/\/www.choye.fr\/index.php?rest_route=\/wp\/v2\/users\/258"}],"replies":[{"embeddable":true,"href":"http:\/\/www.choye.fr\/index.php?rest_route=%2Fwp%2Fv2%2Fcomments&post=3726"}],"version-history":[{"count":4,"href":"http:\/\/www.choye.fr\/index.php?rest_route=\/wp\/v2\/posts\/3726\/revisions"}],"predecessor-version":[{"id":3747,"href":"http:\/\/www.choye.fr\/index.php?rest_route=\/wp\/v2\/posts\/3726\/revisions\/3747"}],"wp:attachment":[{"href":"http:\/\/www.choye.fr\/index.php?rest_route=%2Fwp%2Fv2%2Fmedia&parent=3726"}],"wp:term":[{"taxonomy":"category","embeddable":true,"href":"http:\/\/www.choye.fr\/index.php?rest_route=%2Fwp%2Fv2%2Fcategories&post=3726"},{"taxonomy":"post_tag","embeddable":true,"href":"http:\/\/www.choye.fr\/index.php?rest_route=%2Fwp%2Fv2%2Ftags&post=3726"}],"curies":[{"name":"wp","href":"https:\/\/api.w.org\/{rel}","templated":true}]}}