{"id":369,"date":"2008-12-02T17:27:12","date_gmt":"2008-12-02T15:27:12","guid":{"rendered":"http:\/\/www.choye.fr\/?p=369"},"modified":"2008-12-02T17:37:03","modified_gmt":"2008-12-02T15:37:03","slug":"decorations-de-noel","status":"publish","type":"post","link":"http:\/\/www.choye.fr\/?p=369","title":{"rendered":"D\u00e9corations de No\u00ebl"},"content":{"rendered":"<p><a href=\"http:\/\/www.choye.fr\/wp-content\/uploads\/2008\/12\/noeldecochoye-8.jpg\"><img decoding=\"async\" loading=\"lazy\" class=\"alignleft size-thumbnail wp-image-370\" title=\"noeldecochoye-8\" src=\"http:\/\/www.choye.fr\/wp-content\/uploads\/2008\/12\/noeldecochoye-8-120x90.jpg\" alt=\"\" width=\"120\" height=\"90\" srcset=\"http:\/\/www.choye.fr\/wp-content\/uploads\/2008\/12\/noeldecochoye-8-120x90.jpg 120w, http:\/\/www.choye.fr\/wp-content\/uploads\/2008\/12\/noeldecochoye-8-300x225.jpg 300w, http:\/\/www.choye.fr\/wp-content\/uploads\/2008\/12\/noeldecochoye-8.jpg 600w\" sizes=\"(max-width: 120px) 100vw, 120px\" \/><\/a>C&rsquo;est par un vent glacial que l&rsquo;\u00e9quipe de b\u00e9n\u00e9voles a install\u00e9 les traditionnelles <strong>d\u00e9corations de No\u00ebl<\/strong>.Les principaux branchements \u00e9lectriques et la suspension de quelques motifs lumineux ont \u00e9t\u00e9 r\u00e9alis\u00e9s avec l&rsquo;aide de <strong>l&rsquo;entreprise Milleret<\/strong> de Charcenne. <!--more-->Ensuite, plusieurs heures d&rsquo;effort ont \u00e9t\u00e9 n\u00e9cessaires sous les ordres de <strong>Jo\u00ebl<\/strong>, notre directeur des services techniques sans oublier le chef \u00e9lectricien, <strong>Hubert Petitjean<\/strong>, sur notre photo, son adjoint <strong>Johann Charbonnet<\/strong> et toutes celles et ceux, plus anonymes, qui ont contribu\u00e9 \u00e0 la mise en place des sapins, guirlandes et autres d\u00e9corations.<\/p>\n<p>Guirlandes \u00e9lectriques, motifs lumineux, sapins de No\u00ebl et bien s\u00fbr le personnel avec ses rennes et son traineau \u00e9gaient pour plusieurs semaines la place et les rues du village.<\/p>\n<p>Merci \u00e0 cette sympathique \u00e9quipe!<\/p>\n<p><a href=\"http:\/\/www.choye.fr\/?page_id=16&amp;album=1&amp;gallery=7\">&gt;&gt; plus de photographies<\/a><\/p>\n","protected":false},"excerpt":{"rendered":"<p>C&rsquo;est par un vent glacial que l&rsquo;\u00e9quipe de b\u00e9n\u00e9voles a install\u00e9 les traditionnelles d\u00e9corations de No\u00ebl.Les principaux branchements \u00e9lectriques et la suspension de quelques motifs lumineux ont \u00e9t\u00e9 r\u00e9alis\u00e9s avec l&rsquo;aide de l&rsquo;entreprise Milleret de Charcenne.<\/p>\n","protected":false},"author":258,"featured_media":0,"comment_status":"open","ping_status":"open","sticky":false,"template":"","format":"standard","meta":{"ngg_post_thumbnail":0},"categories":[11],"tags":[34],"post_mailing_queue_ids":[],"_links":{"self":[{"href":"http:\/\/www.choye.fr\/index.php?rest_route=\/wp\/v2\/posts\/369"}],"collection":[{"href":"http:\/\/www.choye.fr\/index.php?rest_route=\/wp\/v2\/posts"}],"about":[{"href":"http:\/\/www.choye.fr\/index.php?rest_route=\/wp\/v2\/types\/post"}],"author":[{"embeddable":true,"href":"http:\/\/www.choye.fr\/index.php?rest_route=\/wp\/v2\/users\/258"}],"replies":[{"embeddable":true,"href":"http:\/\/www.choye.fr\/index.php?rest_route=%2Fwp%2Fv2%2Fcomments&post=369"}],"version-history":[{"count":4,"href":"http:\/\/www.choye.fr\/index.php?rest_route=\/wp\/v2\/posts\/369\/revisions"}],"predecessor-version":[{"id":374,"href":"http:\/\/www.choye.fr\/index.php?rest_route=\/wp\/v2\/posts\/369\/revisions\/374"}],"wp:attachment":[{"href":"http:\/\/www.choye.fr\/index.php?rest_route=%2Fwp%2Fv2%2Fmedia&parent=369"}],"wp:term":[{"taxonomy":"category","embeddable":true,"href":"http:\/\/www.choye.fr\/index.php?rest_route=%2Fwp%2Fv2%2Fcategories&post=369"},{"taxonomy":"post_tag","embeddable":true,"href":"http:\/\/www.choye.fr\/index.php?rest_route=%2Fwp%2Fv2%2Ftags&post=369"}],"curies":[{"name":"wp","href":"https:\/\/api.w.org\/{rel}","templated":true}]}}