{"id":352,"date":"2008-11-22T02:16:15","date_gmt":"2008-11-22T00:16:15","guid":{"rendered":"http:\/\/www.choye.fr\/?p=352"},"modified":"2009-03-27T10:16:48","modified_gmt":"2009-03-27T09:16:48","slug":"conseil-municipal-du-17112008","status":"publish","type":"post","link":"http:\/\/www.choye.fr\/?p=352","title":{"rendered":"conseil municipal du 17\/11\/2008"},"content":{"rendered":"<p><strong><a href=\"http:\/\/www.choye.net\/wp-content\/uploads\/2008\/09\/entreemairie.jpg\"><img decoding=\"async\" loading=\"lazy\" class=\"alignleft size-thumbnail wp-image-221\" title=\"entreemairie\" src=\"http:\/\/www.choye.net\/wp-content\/uploads\/2008\/09\/entreemairie-120x90.jpg\" alt=\"\" width=\"120\" height=\"90\" \/><\/a>Point sur le projet Mairie<br \/>\n<\/strong>Les appels d&rsquo;offres seront lanc\u00e9s en d\u00e9cembre 2008 pour permettre un d\u00e9marrage des travaux d\u00e9but 2009.<\/p>\n<p><strong>Lotissement, fixation du prix des parcelles<br \/>\n<\/strong>Les travaux avancent comme pr\u00e9vus pour une livraison des parcelles d\u00e9but 2009.<\/p>\n<p>Apr\u00e8s avoir pris en compte les prix d&rsquo;acquisition des terrains, le co\u00fbt des \u00e9tudes, des travaux et des frais financiers, le conseil municipal a d\u00e9cid\u00e9 de fixer <strong><span style=\"color: #ff0000;\">le prix des parcelles \u00e0 39,50 \u20ac par m\u00b2<\/span><\/strong>.<!--more--><\/p>\n<p><strong>Communaut\u00e9 de communes<br \/>\n<\/strong>Le conseil municipal a approuv\u00e9 la modification des statuts de la communaut\u00e9 de communes des Monts de Gy pour permettre, au 1er janvier 2009, l&rsquo;adh\u00e9sion des communes d&rsquo;Autoreille et de Lieffran ainsi que le retrait de la commune de Grandvelle-et-le-Perrenot.<\/p>\n<p><strong>Logement communal, 19 Grande rue<br \/>\n<\/strong>Accord du conseil municipal pour signer un bail avec le nouveau locataire.<\/p>\n<p><strong>Personnel communal<br \/>\n<\/strong>Le Conseil municipal a adopt\u00e9 diff\u00e9rentes mesures (r\u00e9gime indemnitaire pour le personnel technique, renouvellement du contrat de mise \u00e0 disposition avec la commune de Charcenne, convention avec l&rsquo;assurance mutuelle).<\/p>\n<p><strong>Questions diverses<br \/>\n<\/strong>&gt; Le Conseil municipal a d\u00e9cid\u00e9 que les co\u00fbts de branchement d&rsquo;une maison non raccord\u00e9e, rue du Chatelet, seront partiellement pris en charge \u00e0 hauteur de 500 \u20ac pour la partie situ\u00e9e sous le domaine public.<br \/>\n&gt; Une \u00e9tude des mesures permettant de r\u00e9duire la vitesse sur le territoire de la commune a \u00e9t\u00e9 demand\u00e9e aux services de la Direction d\u00e9partementale de l&rsquo;\u00e9quipement.<br \/>\n&gt; Immeuble mena\u00e7ant ruines, 17 Grande rue<br \/>\n&gt; L&rsquo;expert d\u00e9sign\u00e9 par le Tribunal Administratif de Besan\u00e7on \u00e0 la demande de la commune rendra prochainement ses conclusions sur l&rsquo;\u00e9tat de l&rsquo;immeuble et sur les mesures \u00e0 prendre pour en assurer la s\u00e9curit\u00e9 des passants et des propri\u00e9t\u00e9s riveraines.<\/p>\n","protected":false},"excerpt":{"rendered":"<p>Point sur le projet Mairie Les appels d&rsquo;offres seront lanc\u00e9s en d\u00e9cembre 2008 pour permettre un d\u00e9marrage des travaux d\u00e9but 2009. Lotissement, fixation du prix des parcelles Les travaux avancent comme pr\u00e9vus pour une livraison des parcelles d\u00e9but 2009. Apr\u00e8s &hellip; <a href=\"http:\/\/www.choye.fr\/?p=352\">Continuer la lecture <span class=\"meta-nav\">&rarr;<\/span><\/a><\/p>\n","protected":false},"author":258,"featured_media":0,"comment_status":"open","ping_status":"open","sticky":false,"template":"","format":"standard","meta":{"ngg_post_thumbnail":0},"categories":[30,12],"tags":[39],"post_mailing_queue_ids":[],"_links":{"self":[{"href":"http:\/\/www.choye.fr\/index.php?rest_route=\/wp\/v2\/posts\/352"}],"collection":[{"href":"http:\/\/www.choye.fr\/index.php?rest_route=\/wp\/v2\/posts"}],"about":[{"href":"http:\/\/www.choye.fr\/index.php?rest_route=\/wp\/v2\/types\/post"}],"author":[{"embeddable":true,"href":"http:\/\/www.choye.fr\/index.php?rest_route=\/wp\/v2\/users\/258"}],"replies":[{"embeddable":true,"href":"http:\/\/www.choye.fr\/index.php?rest_route=%2Fwp%2Fv2%2Fcomments&post=352"}],"version-history":[{"count":3,"href":"http:\/\/www.choye.fr\/index.php?rest_route=\/wp\/v2\/posts\/352\/revisions"}],"predecessor-version":[{"id":713,"href":"http:\/\/www.choye.fr\/index.php?rest_route=\/wp\/v2\/posts\/352\/revisions\/713"}],"wp:attachment":[{"href":"http:\/\/www.choye.fr\/index.php?rest_route=%2Fwp%2Fv2%2Fmedia&parent=352"}],"wp:term":[{"taxonomy":"category","embeddable":true,"href":"http:\/\/www.choye.fr\/index.php?rest_route=%2Fwp%2Fv2%2Fcategories&post=352"},{"taxonomy":"post_tag","embeddable":true,"href":"http:\/\/www.choye.fr\/index.php?rest_route=%2Fwp%2Fv2%2Ftags&post=352"}],"curies":[{"name":"wp","href":"https:\/\/api.w.org\/{rel}","templated":true}]}}