{"id":35,"date":"2008-06-21T09:47:11","date_gmt":"2008-06-21T08:47:11","guid":{"rendered":"http:\/\/tsaillard.free.fr\/wordpress\/?p=86"},"modified":"2008-06-21T09:47:11","modified_gmt":"2008-06-21T08:47:11","slug":"fete-de-limp","status":"publish","type":"post","link":"http:\/\/www.choye.fr\/?p=35","title":{"rendered":"F\u00eate de l&rsquo;IMP !"},"content":{"rendered":"<p><a href=\"http:\/\/www.choye.fr\/wp-content\/uploads\/2008\/06\/feuximp.jpg\"><img decoding=\"async\" loading=\"lazy\" class=\"alignleft size-thumbnail wp-image-87\" title=\"feuximp\" src=\"http:\/\/www.choye.fr\/wp-content\/uploads\/2008\/06\/feuximp-120x90.jpg\" alt=\"\" width=\"120\" height=\"90\" \/><\/a>Ce vendredi 20 juin 2008, le soleil et la chaleur \u00e9taient au rendez-vous pour la f\u00eate de l&rsquo;<strong>IMP<\/strong>, les feux de la Saint Jean et la f\u00eate de la musique organis\u00e9s par l&rsquo;association <strong>\u00ab\u00a0Emilie\u00a0\u00bb<\/strong> en partenariat avec l&rsquo;IMP.<!--more-->C&rsquo;est vers 22h30 que la moto g\u00e9ante et son side car r\u00e9alis\u00e9s par les enfants de l&rsquo;iMP se sont transform\u00e9s en un feu g\u00e9ant.<\/p>\n<p><a href=\"http:\/\/www.choye.fr\/wp-content\/uploads\/2008\/06\/groupeimp.jpg\"><img decoding=\"async\" loading=\"lazy\" class=\"alignright size-thumbnail wp-image-88\" title=\"groupeimp\" src=\"http:\/\/www.choye.fr\/wp-content\/uploads\/2008\/06\/groupeimp-120x90.jpg\" alt=\"\" width=\"120\" height=\"90\" \/><\/a>Le public, familles et enfants est venu nombreux. Merci \u00e0 l&rsquo;IMP, \u00e0 tous les organisateurs et b\u00e9n\u00e9voles pour cette animation qui fait honneur \u00e0 notre village.<\/p>\n","protected":false},"excerpt":{"rendered":"<p>Ce vendredi 20 juin 2008, le soleil et la chaleur \u00e9taient au rendez-vous pour la f\u00eate de l&rsquo;IMP, les feux de la Saint Jean et la f\u00eate de la musique organis\u00e9s par l&rsquo;association \u00ab\u00a0Emilie\u00a0\u00bb en partenariat avec l&rsquo;IMP.<\/p>\n","protected":false},"author":1,"featured_media":0,"comment_status":"open","ping_status":"open","sticky":false,"template":"","format":"standard","meta":{"ngg_post_thumbnail":0},"categories":[5,12],"tags":[],"post_mailing_queue_ids":[],"_links":{"self":[{"href":"http:\/\/www.choye.fr\/index.php?rest_route=\/wp\/v2\/posts\/35"}],"collection":[{"href":"http:\/\/www.choye.fr\/index.php?rest_route=\/wp\/v2\/posts"}],"about":[{"href":"http:\/\/www.choye.fr\/index.php?rest_route=\/wp\/v2\/types\/post"}],"author":[{"embeddable":true,"href":"http:\/\/www.choye.fr\/index.php?rest_route=\/wp\/v2\/users\/1"}],"replies":[{"embeddable":true,"href":"http:\/\/www.choye.fr\/index.php?rest_route=%2Fwp%2Fv2%2Fcomments&post=35"}],"version-history":[{"count":0,"href":"http:\/\/www.choye.fr\/index.php?rest_route=\/wp\/v2\/posts\/35\/revisions"}],"wp:attachment":[{"href":"http:\/\/www.choye.fr\/index.php?rest_route=%2Fwp%2Fv2%2Fmedia&parent=35"}],"wp:term":[{"taxonomy":"category","embeddable":true,"href":"http:\/\/www.choye.fr\/index.php?rest_route=%2Fwp%2Fv2%2Fcategories&post=35"},{"taxonomy":"post_tag","embeddable":true,"href":"http:\/\/www.choye.fr\/index.php?rest_route=%2Fwp%2Fv2%2Ftags&post=35"}],"curies":[{"name":"wp","href":"https:\/\/api.w.org\/{rel}","templated":true}]}}