{"id":304,"date":"2008-11-11T11:12:51","date_gmt":"2008-11-11T09:12:51","guid":{"rendered":"http:\/\/www.choye.net\/?p=304"},"modified":"2008-11-14T11:30:35","modified_gmt":"2008-11-14T09:30:35","slug":"commemoration-de-larmistice-du-11-novembre-1918","status":"publish","type":"post","link":"http:\/\/www.choye.fr\/?p=304","title":{"rendered":"Comm\u00e9moration de l&rsquo;armistice du 11 novembre 1918"},"content":{"rendered":"<p><a href=\"http:\/\/www.choye.fr\/wp-content\/uploads\/2008\/11\/8-mai-2008-002-2-1.jpg\"><img decoding=\"async\" loading=\"lazy\" class=\"alignleft size-thumbnail wp-image-305\" title=\"8-mai-2008-002-2-1\" src=\"http:\/\/www.choye.fr\/wp-content\/uploads\/2008\/11\/8-mai-2008-002-2-1-120x90.jpg\" alt=\"\" width=\"120\" height=\"90\" \/><\/a>Un public nombreux avait affront\u00e9 la pluie de ce mois de novembre pour comm\u00e9morer le 90\u00e8me anniversaire de <strong>l&rsquo;armistice du 11 novembre 1918<\/strong> en pr\u00e9sence des anciens combattants et des pompiers.Apr\u00e8s le traditionnel d\u00e9p\u00f4t de gerbe au pied du monument, le Pr\u00e9sident <strong>Michel SAILLARD<\/strong> a proc\u00e9d\u00e9 \u00e0 la remise de m\u00e9dailles \u00e0 <strong>Joseph KACZMARCZYK<\/strong>. Les enfants de l&rsquo;IMP ont entonn\u00e9 la Marseillaise avant la lecture du message de Monsieur Jean-Marie BOCKEL, Secr\u00e9taire d&rsquo;Etat aux anciens combattants.<\/p>\n<p>F\u00e9licitations \u00e0 <strong>Joseph KACZMARCZYK<\/strong> et merci \u00e0 tous les participants et organisateurs de cette c\u00e9r\u00e9monie.<\/p>\n<p><a href=\"http:\/\/www.choye.fr\/wp-content\/uploads\/2008\/11\/20081111-0052.jpg\"><img decoding=\"async\" loading=\"lazy\" class=\"alignnone size-thumbnail wp-image-310\" title=\"20081111-0052\" src=\"http:\/\/www.choye.fr\/wp-content\/uploads\/2008\/11\/20081111-0052-120x90.jpg\" alt=\"\" width=\"120\" height=\"90\" srcset=\"http:\/\/www.choye.fr\/wp-content\/uploads\/2008\/11\/20081111-0052-120x90.jpg 120w, http:\/\/www.choye.fr\/wp-content\/uploads\/2008\/11\/20081111-0052-300x225.jpg 300w, http:\/\/www.choye.fr\/wp-content\/uploads\/2008\/11\/20081111-0052.jpg 600w\" sizes=\"(max-width: 120px) 100vw, 120px\" \/><\/a>\u00a0 <a href=\"http:\/\/www.choye.fr\/wp-content\/uploads\/2008\/11\/20081111-00611.jpg\"><img decoding=\"async\" loading=\"lazy\" class=\"alignnone size-thumbnail wp-image-314\" title=\"20081111-00611\" src=\"http:\/\/www.choye.fr\/wp-content\/uploads\/2008\/11\/20081111-00611-120x90.jpg\" alt=\"\" width=\"120\" height=\"90\" \/><\/a>\u00a0 <a href=\"http:\/\/www.choye.fr\/wp-content\/uploads\/2008\/11\/20081111-0081.jpg\"><img decoding=\"async\" loading=\"lazy\" class=\"alignnone size-thumbnail wp-image-313\" title=\"20081111-0081\" src=\"http:\/\/www.choye.fr\/wp-content\/uploads\/2008\/11\/20081111-0081-120x90.jpg\" alt=\"\" width=\"120\" height=\"90\" srcset=\"http:\/\/www.choye.fr\/wp-content\/uploads\/2008\/11\/20081111-0081-120x90.jpg 120w, http:\/\/www.choye.fr\/wp-content\/uploads\/2008\/11\/20081111-0081-300x225.jpg 300w, http:\/\/www.choye.fr\/wp-content\/uploads\/2008\/11\/20081111-0081.jpg 600w\" sizes=\"(max-width: 120px) 100vw, 120px\" \/><\/a><\/p>\n","protected":false},"excerpt":{"rendered":"<p>Un public nombreux avait affront\u00e9 la pluie de ce mois de novembre pour comm\u00e9morer le 90\u00e8me anniversaire de l&rsquo;armistice du 11 novembre 1918 en pr\u00e9sence des anciens combattants et des pompiers.Apr\u00e8s le traditionnel d\u00e9p\u00f4t de gerbe au pied du monument, &hellip; <a href=\"http:\/\/www.choye.fr\/?p=304\">Continuer la lecture <span class=\"meta-nav\">&rarr;<\/span><\/a><\/p>\n","protected":false},"author":258,"featured_media":0,"comment_status":"open","ping_status":"open","sticky":false,"template":"","format":"standard","meta":{"ngg_post_thumbnail":0},"categories":[11],"tags":[],"post_mailing_queue_ids":[],"_links":{"self":[{"href":"http:\/\/www.choye.fr\/index.php?rest_route=\/wp\/v2\/posts\/304"}],"collection":[{"href":"http:\/\/www.choye.fr\/index.php?rest_route=\/wp\/v2\/posts"}],"about":[{"href":"http:\/\/www.choye.fr\/index.php?rest_route=\/wp\/v2\/types\/post"}],"author":[{"embeddable":true,"href":"http:\/\/www.choye.fr\/index.php?rest_route=\/wp\/v2\/users\/258"}],"replies":[{"embeddable":true,"href":"http:\/\/www.choye.fr\/index.php?rest_route=%2Fwp%2Fv2%2Fcomments&post=304"}],"version-history":[{"count":3,"href":"http:\/\/www.choye.fr\/index.php?rest_route=\/wp\/v2\/posts\/304\/revisions"}],"predecessor-version":[{"id":312,"href":"http:\/\/www.choye.fr\/index.php?rest_route=\/wp\/v2\/posts\/304\/revisions\/312"}],"wp:attachment":[{"href":"http:\/\/www.choye.fr\/index.php?rest_route=%2Fwp%2Fv2%2Fmedia&parent=304"}],"wp:term":[{"taxonomy":"category","embeddable":true,"href":"http:\/\/www.choye.fr\/index.php?rest_route=%2Fwp%2Fv2%2Fcategories&post=304"},{"taxonomy":"post_tag","embeddable":true,"href":"http:\/\/www.choye.fr\/index.php?rest_route=%2Fwp%2Fv2%2Ftags&post=304"}],"curies":[{"name":"wp","href":"https:\/\/api.w.org\/{rel}","templated":true}]}}