{"id":287,"date":"2008-10-28T16:18:26","date_gmt":"2008-10-28T14:18:26","guid":{"rendered":"http:\/\/www.choye.net\/?p=287"},"modified":"2008-10-28T16:40:18","modified_gmt":"2008-10-28T14:40:18","slug":"lest-republicain-27102008","status":"publish","type":"post","link":"http:\/\/www.choye.fr\/?p=287","title":{"rendered":"L&rsquo;Est R\u00e9publicain &#8211; 27\/10\/2008"},"content":{"rendered":"<p><strong><span style=\"font-weight: normal;\"><em>Haute Sa\u00f4ne &#8211; Haute-Sa\u00f4ne &#8211; Dossier du lundi<\/em><\/span><br \/>\nLes bons Choye de Gy&#8230;<\/strong><\/p>\n<p>Nouveau conseiller municipal et maire de Choye, <strong>Guy Chevanne<\/strong> a aussi cr\u00e9\u00e9 la surprise comme pr\u00e9sident de la CC des Monts de Gy. \u00c9coles, constructions, ordures, il d\u00e9tonne !<!--more--><\/p>\n<p>\u00ab Faire les bons choix, en se demandant combien \u00e7a co\u00fbte aux gens.\u00bb Qui imaginerait que l&rsquo;homme de 46 ans qui s&rsquo;exprime n&rsquo;a que sept mois de mandats \u00e9lectifs ? Il est vrai que sa double \u00e9lection \u00e0 la t\u00eate de sa commune et celle de sa communaut\u00e9 de communes, il la doit -entre autres- \u00e0 vingt ann\u00e9es d&rsquo;exp\u00e9rience comme administrateur territorial.<br \/>\nQuand on s&rsquo;occupe des relations entre la Communaut\u00e9 urbaine de Strasbourg et les 28 communes composant la CUS (c&rsquo;est sa mission depuis cet \u00e9t\u00e9 !) et qu&rsquo;on a \u00e9t\u00e9 cadre \u00e0 Chalon-sur-Sa\u00f4ne et dans un conseil r\u00e9gional, on peut se mettre au service des habitants de Choye et des Monts de Gy (CCMG).<br \/>\nUn arri\u00e8re-grand-p\u00e8re paysan de ce fonctionnaire n\u00e9 \u00e0 Gray avait d\u00e9j\u00e0 \u00e9t\u00e9 maire de Choye. Bref, plus qu&rsquo;Alsacien, il est autant \u00ab d&rsquo;ici \u00bb que \u00ab dans le coup \u00bb. La preuve : \u00e0 peine \u00e9lu \u00e0 Choye, il est devenu pr\u00e9sident de la CCMG, en d\u00e9pit de trois concurrents&#8230;<br \/>\n\u00ab Il faut que la solution \u00e9merge de la discussion entre les \u00e9lus : avantages ? inconv\u00e9nients ? \u00bb Guy Chevanne sait de quoi il parle, qui entend regrouper les \u00e9nergies \u00ab sans s&rsquo;occuper des \u00e9tiquettes \u00bb.<br \/>\nEn quelques mois, la CCMG sera pass\u00e9e de 11 \u00e0 25 communes. Avant d&rsquo;\u00e9tablir avec ses coll\u00e8gues les \u00ab priorit\u00e9s pour un d\u00e9veloppement durable et \u00e9quilibr\u00e9 du territoire \u00bb sur le mandat 2008-2014, il a dress\u00e9 un double constat :<br \/>\nLes Monts de Gy, dont les \u00e9lus sont souvent nouveaux, ont des atouts, comme l&rsquo;arriv\u00e9e de neuf communes en 2008 (dont Fretigney) et six autres en 2009 (dont Fresne), si ce n&rsquo;est encore la proximit\u00e9 du TGV. Or ce secteur \u00e9tendu (de Charcenne \u00e0 Grandvelle, candidat au d\u00e9part) et faiblement peupl\u00e9 a des moyens limit\u00e9s (\u00e0 Choye, 350 habitants, le budget n&rsquo;atteint pas 200.000 \u20ac) subit un \u00ab repli des services de l&rsquo;\u00c9tat \u00bb, gendarmerie, DDE, tr\u00e9sor public, La Poste&#8230;<\/p>\n<p>\u00ab Supprimons les SICTOM ! \u00bb<br \/>\nLa strat\u00e9gie : faire de Gy, Fr\u00e9tigney et Fresne des \u00ab bourgs-centres \u00bb, s&rsquo;appuyant sur la zone de Gy et celle, envisag\u00e9e, \u00e0 Fr\u00e9tigney, ceci en liaison avec la politique de territoires du Conseil g\u00e9n\u00e9ral (\u00ab Action 70 \u00bb). \u00ab R\u00e9pondre \u00e0 l&rsquo;attente des gens \u00bb, mais quelle est la marge de man\u0153uvre avec 4 M \u20ac de capacit\u00e9 \u00e0 investir, dont 50% d&rsquo;aides ?<br \/>\n\u2022 L\u00e0 o\u00f9 il n&rsquo;y avait que quelques POS ou cartes communales, M. Chevanne propose d&rsquo;\u00e9tablir un programme local d&rsquo;urbanisme (PLU) unique pour tous les Monts de Gy, pour \u00e9viter le saupoudrage des constructions.<br \/>\n\u2022 Fini aussi le \u00ab saupoudrage \u00bb de l&rsquo;argent des contribuables, qui pr\u00e9valait jusqu&rsquo;ici \u00e0 travers le souci de r\u00e9unir l&rsquo;unanimit\u00e9 sur les dossiers intercommunaux&#8230;<br \/>\n\u2022 La com&rsquo; de com&rsquo;, certes, venait d&rsquo;acheter une maison pour en faire son si\u00e8ge. Mais M. Chevanne pose la question \u00e0 ses coll\u00e8gues : d\u00e9velopper les services p\u00e9riscolaires, n&rsquo;est-ce pas, plut\u00f4t, ce que les gens attendent ?<br \/>\n\u2022 La CC des Monts de Gy vient de prendre la comp\u00e9tence OM, optant pour la collecte s\u00e9lective et la redevance, \u00ab plus juste que la taxe sur la richesse fiscale \u00bb. M. Chevanne rue dans les brancards quand il voit les syndicats Sictom se pr\u00e9occuper plus du choix de leurs d\u00e9l\u00e9gu\u00e9s que du sort des ordures m\u00e9nag\u00e8res et du co\u00fbt de chaque formule. \u00ab Quand certains secteurs ont le porte-\u00e0-porte, d&rsquo;autres la pes\u00e9e embarqu\u00e9e, les autres \u00e9tant \u00e0 la tra\u00eene, c&rsquo;est la Haute-Sa\u00f4ne \u00e0 trois vitesses ! Je suis pour la suppression des Sictom et l&rsquo;adh\u00e9sion directe des 30 com&rsquo; de com&rsquo; au Syt\u00e9vom. Le Syt\u00e9vom assurera un meilleur service quand il organisera lui-m\u00eame la collecte des ordures&#8230; \u00bb<\/p>\n<p>Andr\u00e9 MOISS\u00c9<\/p>\n<p>27\/10\/08<\/p>\n","protected":false},"excerpt":{"rendered":"<p>Haute Sa\u00f4ne &#8211; Haute-Sa\u00f4ne &#8211; Dossier du lundi Les bons Choye de Gy&#8230; Nouveau conseiller municipal et maire de Choye, Guy Chevanne a aussi cr\u00e9\u00e9 la surprise comme pr\u00e9sident de la CC des Monts de Gy. \u00c9coles, constructions, ordures, il &hellip; <a href=\"http:\/\/www.choye.fr\/?p=287\">Continuer la lecture <span class=\"meta-nav\">&rarr;<\/span><\/a><\/p>\n","protected":false},"author":258,"featured_media":0,"comment_status":"open","ping_status":"open","sticky":false,"template":"","format":"standard","meta":{"ngg_post_thumbnail":0},"categories":[22,7],"tags":[],"post_mailing_queue_ids":[],"_links":{"self":[{"href":"http:\/\/www.choye.fr\/index.php?rest_route=\/wp\/v2\/posts\/287"}],"collection":[{"href":"http:\/\/www.choye.fr\/index.php?rest_route=\/wp\/v2\/posts"}],"about":[{"href":"http:\/\/www.choye.fr\/index.php?rest_route=\/wp\/v2\/types\/post"}],"author":[{"embeddable":true,"href":"http:\/\/www.choye.fr\/index.php?rest_route=\/wp\/v2\/users\/258"}],"replies":[{"embeddable":true,"href":"http:\/\/www.choye.fr\/index.php?rest_route=%2Fwp%2Fv2%2Fcomments&post=287"}],"version-history":[{"count":4,"href":"http:\/\/www.choye.fr\/index.php?rest_route=\/wp\/v2\/posts\/287\/revisions"}],"predecessor-version":[{"id":290,"href":"http:\/\/www.choye.fr\/index.php?rest_route=\/wp\/v2\/posts\/287\/revisions\/290"}],"wp:attachment":[{"href":"http:\/\/www.choye.fr\/index.php?rest_route=%2Fwp%2Fv2%2Fmedia&parent=287"}],"wp:term":[{"taxonomy":"category","embeddable":true,"href":"http:\/\/www.choye.fr\/index.php?rest_route=%2Fwp%2Fv2%2Fcategories&post=287"},{"taxonomy":"post_tag","embeddable":true,"href":"http:\/\/www.choye.fr\/index.php?rest_route=%2Fwp%2Fv2%2Ftags&post=287"}],"curies":[{"name":"wp","href":"https:\/\/api.w.org\/{rel}","templated":true}]}}