{"id":276,"date":"2008-10-15T16:03:04","date_gmt":"2008-10-15T14:03:04","guid":{"rendered":"http:\/\/www.choye.net\/?p=276"},"modified":"2008-10-28T16:06:42","modified_gmt":"2008-10-28T14:06:42","slug":"deces-dandre-guerrin","status":"publish","type":"post","link":"http:\/\/www.choye.fr\/?p=276","title":{"rendered":"D\u00e9c\u00e8s d&rsquo;Andr\u00e9 GUERRIN"},"content":{"rendered":"<p><strong><a href=\"http:\/\/www.choye.fr\/wp-content\/uploads\/2008\/10\/guerrin-andr-1.jpg\"><img decoding=\"async\" loading=\"lazy\" class=\"alignleft size-thumbnail wp-image-277\" title=\"guerrin-andr-1\" src=\"http:\/\/www.choye.fr\/wp-content\/uploads\/2008\/10\/guerrin-andr-1-120x90.jpg\" alt=\"\" width=\"120\" height=\"90\" \/><\/a>Andr\u00e9 Guerrin<\/strong> s&rsquo;est \u00e9teint mardi 14 octobre,\u00e0 l&rsquo;age de 83 ans. Celui que tout le village appelait D\u00e9d\u00e9 \u00e9tait n\u00e9 \u00e0 Choye, le 24 avril 1925.<br \/>\nAgriculteurs, D\u00e9d\u00e9 a pass\u00e9 toute sa vie \u00e0 Choye, dans la maison ou il est n\u00e9.Il s&rsquo;est investi dans la vie communale,en \u00e9tant conseiller municipal de 1959 \u00e01971.<\/p>\n<p>Ses obs\u00e8ques seront c\u00e9l\u00e9br\u00e9es ce jeudi 16 octobre, \u00e0 14h30, en l&rsquo;\u00e9glise de Choye.<\/p>\n<p>Nos sinc\u00e8res condol\u00e9ances \u00e0 son \u00e9pouse et \u00e0 ses enfants.<\/p>\n","protected":false},"excerpt":{"rendered":"<p>Andr\u00e9 Guerrin s&rsquo;est \u00e9teint mardi 14 octobre,\u00e0 l&rsquo;age de 83 ans. Celui que tout le village appelait D\u00e9d\u00e9 \u00e9tait n\u00e9 \u00e0 Choye, le 24 avril 1925. Agriculteurs, D\u00e9d\u00e9 a pass\u00e9 toute sa vie \u00e0 Choye, dans la maison ou il &hellip; <a href=\"http:\/\/www.choye.fr\/?p=276\">Continuer la lecture <span class=\"meta-nav\">&rarr;<\/span><\/a><\/p>\n","protected":false},"author":258,"featured_media":0,"comment_status":"open","ping_status":"open","sticky":false,"template":"","format":"standard","meta":{"ngg_post_thumbnail":0},"categories":[24],"tags":[],"post_mailing_queue_ids":[],"_links":{"self":[{"href":"http:\/\/www.choye.fr\/index.php?rest_route=\/wp\/v2\/posts\/276"}],"collection":[{"href":"http:\/\/www.choye.fr\/index.php?rest_route=\/wp\/v2\/posts"}],"about":[{"href":"http:\/\/www.choye.fr\/index.php?rest_route=\/wp\/v2\/types\/post"}],"author":[{"embeddable":true,"href":"http:\/\/www.choye.fr\/index.php?rest_route=\/wp\/v2\/users\/258"}],"replies":[{"embeddable":true,"href":"http:\/\/www.choye.fr\/index.php?rest_route=%2Fwp%2Fv2%2Fcomments&post=276"}],"version-history":[{"count":2,"href":"http:\/\/www.choye.fr\/index.php?rest_route=\/wp\/v2\/posts\/276\/revisions"}],"predecessor-version":[{"id":279,"href":"http:\/\/www.choye.fr\/index.php?rest_route=\/wp\/v2\/posts\/276\/revisions\/279"}],"wp:attachment":[{"href":"http:\/\/www.choye.fr\/index.php?rest_route=%2Fwp%2Fv2%2Fmedia&parent=276"}],"wp:term":[{"taxonomy":"category","embeddable":true,"href":"http:\/\/www.choye.fr\/index.php?rest_route=%2Fwp%2Fv2%2Fcategories&post=276"},{"taxonomy":"post_tag","embeddable":true,"href":"http:\/\/www.choye.fr\/index.php?rest_route=%2Fwp%2Fv2%2Ftags&post=276"}],"curies":[{"name":"wp","href":"https:\/\/api.w.org\/{rel}","templated":true}]}}